{"id":45117,"date":"2019-07-08T05:52:12","date_gmt":"2019-07-08T09:52:12","guid":{"rendered":"https:\/\/linitiative.ca\/International\/en-plein-virage-de-diversification-lamalif-renforce-ses-fonds-propres\/"},"modified":"2019-07-08T05:52:12","modified_gmt":"2019-07-08T09:52:12","slug":"en-plein-virage-de-diversification-lamalif-renforce-ses-fonds-propres","status":"publish","type":"post","link":"https:\/\/linitiative.ca\/International\/en-plein-virage-de-diversification-lamalif-renforce-ses-fonds-propres\/","title":{"rendered":"En plein virage de diversification, Lamalif renforce ses fonds propres"},"content":{"rendered":"<p class=\"p1\"><strong>Quelques semaines apr\u00e8s avoir chang\u00e9 de d\u00e9nomination, le leader marocain de l\u2019am\u00e9nagement urbain se met en ordre de bataille.<\/strong><\/p>\n<div class=\"c10\"\/>\n<p class=\"p1\"><strong>Lamalif group<\/strong> (anciennement connu par Lamalif Diffusion) vient de hisser son capital \u00e0 30 millions de dirhams suite \u00e0 une recapitalisation de 20 millions de dirhams. Cette op\u00e9ration vise \u00e0 renforcer les fonds propres de cette PME bas\u00e9e \u00e0 Marrakech, alors que ses actionnaires, men\u00e9s par le fondateur Lakbir Alaoui Ismaili, viennent d\u2019opter pour un virage de diversification et d\u2019implantation en Afrique qui requi\u00e8rent des investissements importants.<\/p>\n<p>Lire aussi : <a href=\"https:\/\/www.challenge.ma\/amenagement-du-territoire-le-gouvernement-devoile-sa-strategie-de-developpement-108106\/\" target=\"_blank\" rel=\"noopener noreferrer\">Am\u00e9nagement du territoire : le gouvernement d\u00e9voile sa strat\u00e9gie de d\u00e9veloppement<\/a><\/p>\n<p class=\"p2\">Aussi, apr\u00e8s la premi\u00e8re diversification naturelle dans l\u2019\u00e9clairage public, en tant qu\u2019int\u00e9grateur ou d\u00e9l\u00e9gataire de services publics aupr\u00e8s des communes urbaines, Lamalif Group compte se lancer \u00e9galement dans des projets immobiliers \u00e0 taille humaine, le design, l\u2019\u00e9nergie et l\u2019\u00e9v\u00e8nementiel. Une strat\u00e9gie qui a \u00e9t\u00e9 accompagn\u00e9e par un grand effort de recrutement et de renforcement du management. Quant \u00e0 l\u2019internationalisation, celle-ci s\u2019effectuera d\u00e9sormais \u00e0 travers la nouvelle filiale <strong>Lamalif Africa<\/strong> que le groupe a cr\u00e9\u00e9e en partenariat avec la star africaine de la chanson Maitre Gims, dans l\u2019optique de d\u00e9velopper des projets urbanistiques en Afrique de l\u2019Ouest notamment la C\u00f4te d\u2019Ivoire, le S\u00e9n\u00e9gal, le Tchad ou le Mali.<\/p>\n<p class=\"p2\">Op\u00e9rant au Maroc depuis pr\u00e8s de 20 ans, Lamalif Group a fourni du mobilier et de l\u2019\u00e9clairage urbains pour les rues de Marrakech, Tanger, Rabat, T\u00e9touan, Al Hoce\u00efma et bien d\u2019autres villes.<\/p>\n<div class=\"c17\">\n<fieldset class=\"c16\">\n<legend><strong><span class=\"c11\">Challenge<\/span><span class=\"c12\">news<\/span><\/strong><\/legend>\n<div class=\"c15\">Le meilleur de la r\u00e9daction s\u00e9lectionn\u00e9 par Challenge :<\/p>\n<\/div>\n<\/fieldset>\n<\/div>\n<p>Auteur: challenge<br \/>\n<a href=\"https:\/\/www.challenge.ma\/en-plein-virage-de-diversification-lamalif-renforce-ses-fonds-propres-112296\/\">Cliquez ici pour lire l&rsquo;article depuis sa source.<\/a><\/p>\n","protected":false},"excerpt":{"rendered":"<p>Quelques semaines apr\u00e8s avoir chang\u00e9 de d\u00e9nomination, le leader marocain de l\u2019am\u00e9nagement urbain se met en ordre de bataille. Lamalif group (anciennement connu par Lamalif Diffusion) vient de hisser son capital \u00e0 30 millions de dirhams suite \u00e0 une recapitalisation de 20 millions de dirhams. Cette op\u00e9ration vise \u00e0 renforcer les fonds propres de cette [&hellip;]<\/p>\n","protected":false},"author":1787,"featured_media":0,"comment_status":"closed","ping_status":"closed","sticky":false,"template":"","format":"standard","meta":{"fifu_image_url":"","fifu_image_alt":"","footnotes":""},"categories":[78,54],"tags":[],"class_list":["post-45117","post","type-post","status-publish","format-standard","hentry","category-economie","category-maroc"],"_links":{"self":[{"href":"https:\/\/linitiative.ca\/International\/wp-json\/wp\/v2\/posts\/45117","targetHints":{"allow":["GET"]}}],"collection":[{"href":"https:\/\/linitiative.ca\/International\/wp-json\/wp\/v2\/posts"}],"about":[{"href":"https:\/\/linitiative.ca\/International\/wp-json\/wp\/v2\/types\/post"}],"author":[{"embeddable":true,"href":"https:\/\/linitiative.ca\/International\/wp-json\/wp\/v2\/users\/1787"}],"replies":[{"embeddable":true,"href":"https:\/\/linitiative.ca\/International\/wp-json\/wp\/v2\/comments?post=45117"}],"version-history":[{"count":0,"href":"https:\/\/linitiative.ca\/International\/wp-json\/wp\/v2\/posts\/45117\/revisions"}],"wp:attachment":[{"href":"https:\/\/linitiative.ca\/International\/wp-json\/wp\/v2\/media?parent=45117"}],"wp:term":[{"taxonomy":"category","embeddable":true,"href":"https:\/\/linitiative.ca\/International\/wp-json\/wp\/v2\/categories?post=45117"},{"taxonomy":"post_tag","embeddable":true,"href":"https:\/\/linitiative.ca\/International\/wp-json\/wp\/v2\/tags?post=45117"}],"curies":[{"name":"wp","href":"https:\/\/api.w.org\/{rel}","templated":true}]}}