{"id":45118,"date":"2019-07-08T06:04:03","date_gmt":"2019-07-08T10:04:03","guid":{"rendered":"https:\/\/linitiative.ca\/International\/sommet-ua-la-zone-de-libre-echange-africaine-lancee\/"},"modified":"2019-07-08T06:04:03","modified_gmt":"2019-07-08T10:04:03","slug":"sommet-ua-la-zone-de-libre-echange-africaine-lancee","status":"publish","type":"post","link":"https:\/\/linitiative.ca\/International\/sommet-ua-la-zone-de-libre-echange-africaine-lancee\/","title":{"rendered":"Sommet UA : la Zone de libre-\u00e9change africaine lanc\u00e9e"},"content":{"rendered":"<p><strong>Cinq instruments op\u00e9rationnels de la Zone de libre-\u00e9change continentale africaine (ZLECA) ont \u00e9t\u00e9 officiellement lanc\u00e9s, dimanche \u00e0 Niamey, au terme du 12\u00e8me Sommet extraordinaire de l\u2019UA.<\/strong><\/p>\n<div class=\"c10\"\/>\n<p>Les instruments lanc\u00e9s sont relatifs aux \u00ab\u00a0r\u00e8gles d\u2019origine\u00a0\u00bb, au \u00ab\u00a0portail en ligne pour les offres tarifaires\u00a0\u00bb, \u00e0 la \u00ab\u00a0notification, au suivi et \u00e0 l\u2019\u00e9limination de barri\u00e8res non tarifaires\u00a0\u00bb, au \u00ab\u00a0syst\u00e8me panafricain de paiement et de r\u00e8glement num\u00e9rique\u00a0\u00bb et, enfin, \u00e0 \u00ab\u00a0l\u2019Observatoire du commerce africain\u00a0\u00bb.<\/p>\n<p>A cette occasion, une plaque comm\u00e9morative du lancement de la <strong>ZLECA<\/strong> a \u00e9t\u00e9 d\u00e9voil\u00e9e. Dans la matin\u00e9e, le Nigeria et le B\u00e9nin, deux des pays qui n\u2019avaient pas encore adh\u00e9r\u00e9 \u00e0 la ZLECA, ont sign\u00e9 l\u2019accord instituant ce bloc commercial et douanier. De leur c\u00f4t\u00e9, le Gabon et la Guin\u00e9e \u00e9quatoriale se sont joints aux pays ayant d\u00e9pos\u00e9 leurs instruments de ratification. Apr\u00e8s la signature du Nigeria et du B\u00e9nin de l\u2019accord de la ZLECA, seule l\u2019Erythr\u00e9e n\u2019y a pas encore adh\u00e9r\u00e9.<\/p>\n<p>Le ministre des Affaires \u00e9trang\u00e8res et de la coop\u00e9ration internationale Nasser Bourita a repr\u00e9sent\u00e9 SM le Roi Mohammed VI \u00e0 ce 12\u00e8me <strong>Sommet extraordinaire de l\u2019UA<\/strong>, exclusivement consacr\u00e9 au lancement de la phase op\u00e9rationnelle de la ZLECA.<\/p>\n<div class=\"c17\">\n<fieldset class=\"c16\">\n<legend><strong><span class=\"c11\">Challenge<\/span><span class=\"c12\">news<\/span><\/strong><\/legend>\n<div class=\"c15\">Le meilleur de la r\u00e9daction s\u00e9lectionn\u00e9 par Challenge :<\/p>\n<\/div>\n<\/fieldset>\n<\/div>\n<p>Auteur: challenge<br \/>\n<a href=\"https:\/\/www.challenge.ma\/sommet-ua-la-phase-operationnelle-de-la-zleca-lancee-112350\/\">Cliquez ici pour lire l&rsquo;article depuis sa source.<\/a><\/p>\n","protected":false},"excerpt":{"rendered":"<p>Cinq instruments op\u00e9rationnels de la Zone de libre-\u00e9change continentale africaine (ZLECA) ont \u00e9t\u00e9 officiellement lanc\u00e9s, dimanche \u00e0 Niamey, au terme du 12\u00e8me Sommet extraordinaire de l\u2019UA. Les instruments lanc\u00e9s sont relatifs aux \u00ab\u00a0r\u00e8gles d\u2019origine\u00a0\u00bb, au \u00ab\u00a0portail en ligne pour les offres tarifaires\u00a0\u00bb, \u00e0 la \u00ab\u00a0notification, au suivi et \u00e0 l\u2019\u00e9limination de barri\u00e8res non tarifaires\u00a0\u00bb, au [&hellip;]<\/p>\n","protected":false},"author":1787,"featured_media":0,"comment_status":"closed","ping_status":"closed","sticky":false,"template":"","format":"standard","meta":{"fifu_image_url":"","fifu_image_alt":"","footnotes":""},"categories":[78,54],"tags":[],"class_list":["post-45118","post","type-post","status-publish","format-standard","hentry","category-economie","category-maroc"],"_links":{"self":[{"href":"https:\/\/linitiative.ca\/International\/wp-json\/wp\/v2\/posts\/45118","targetHints":{"allow":["GET"]}}],"collection":[{"href":"https:\/\/linitiative.ca\/International\/wp-json\/wp\/v2\/posts"}],"about":[{"href":"https:\/\/linitiative.ca\/International\/wp-json\/wp\/v2\/types\/post"}],"author":[{"embeddable":true,"href":"https:\/\/linitiative.ca\/International\/wp-json\/wp\/v2\/users\/1787"}],"replies":[{"embeddable":true,"href":"https:\/\/linitiative.ca\/International\/wp-json\/wp\/v2\/comments?post=45118"}],"version-history":[{"count":0,"href":"https:\/\/linitiative.ca\/International\/wp-json\/wp\/v2\/posts\/45118\/revisions"}],"wp:attachment":[{"href":"https:\/\/linitiative.ca\/International\/wp-json\/wp\/v2\/media?parent=45118"}],"wp:term":[{"taxonomy":"category","embeddable":true,"href":"https:\/\/linitiative.ca\/International\/wp-json\/wp\/v2\/categories?post=45118"},{"taxonomy":"post_tag","embeddable":true,"href":"https:\/\/linitiative.ca\/International\/wp-json\/wp\/v2\/tags?post=45118"}],"curies":[{"name":"wp","href":"https:\/\/api.w.org\/{rel}","templated":true}]}}