{"id":45121,"date":"2019-07-08T11:56:57","date_gmt":"2019-07-08T15:56:57","guid":{"rendered":"https:\/\/linitiative.ca\/International\/la-marine-royale-porte-secours-a-271-candidats-a-la-migration-irreguliere\/"},"modified":"2019-07-08T11:56:57","modified_gmt":"2019-07-08T15:56:57","slug":"la-marine-royale-porte-secours-a-271-candidats-a-la-migration-irreguliere","status":"publish","type":"post","link":"https:\/\/linitiative.ca\/International\/la-marine-royale-porte-secours-a-271-candidats-a-la-migration-irreguliere\/","title":{"rendered":"La Marine Royale porte secours \u00e0 271 candidats \u00e0 la migration irr\u00e9guli\u00e8re"},"content":{"rendered":"<p><strong>Des garde-c\u00f4tes de la Marine Royale, en op\u00e9ration en M\u00e9diterran\u00e9e, ont secouru, durant le weekend du 6 et 7 juillet courant, 271 candidats \u00e0 la migration irr\u00e9guli\u00e8re, apprend-on de source militaire.<\/strong><\/p>\n<div class=\"c10\"\/>\n<p>Les candidats sont \u00e0 majorit\u00e9 des Subsahariens, dont des femmes et des enfants, et qui \u00e9taient en difficult\u00e9 \u00e0 bord de plusieurs embarcations pneumatiques de fortune, pr\u00e9cise-t-on de m\u00eame source.<\/p>\n<p>Les rescap\u00e9s, dont certains \u00e9taient dans un \u00e9tat de sant\u00e9 tr\u00e8s d\u00e9grad\u00e9, ont re\u00e7u les soins n\u00e9cessaires \u00e0 bord des unit\u00e9s de la Marine Royale, avant d\u2019\u00eatre ramen\u00e9s sains et saufs aux ports les plus proches des lieux de leur sauvetage, indique la source.<\/p>\n<div class=\"c17\">\n<fieldset class=\"c16\">\n<legend><strong><span class=\"c11\">Challenge<\/span><span class=\"c12\">news<\/span><\/strong><\/legend>\n<div class=\"c15\">Le meilleur de la r\u00e9daction s\u00e9lectionn\u00e9 par Challenge :<\/p>\n<\/div>\n<\/fieldset>\n<\/div>\n<p>Auteur: challenge<br \/>\n<a href=\"https:\/\/www.challenge.ma\/la-marine-royale-porte-secours-a-271-candidats-a-la-migration-irreguliere-112360\/\">Cliquez ici pour lire l&rsquo;article depuis sa source.<\/a><\/p>\n","protected":false},"excerpt":{"rendered":"<p>Des garde-c\u00f4tes de la Marine Royale, en op\u00e9ration en M\u00e9diterran\u00e9e, ont secouru, durant le weekend du 6 et 7 juillet courant, 271 candidats \u00e0 la migration irr\u00e9guli\u00e8re, apprend-on de source militaire. Les candidats sont \u00e0 majorit\u00e9 des Subsahariens, dont des femmes et des enfants, et qui \u00e9taient en difficult\u00e9 \u00e0 bord de plusieurs embarcations pneumatiques [&hellip;]<\/p>\n","protected":false},"author":1787,"featured_media":0,"comment_status":"closed","ping_status":"closed","sticky":false,"template":"","format":"standard","meta":{"fifu_image_url":"","fifu_image_alt":"","footnotes":""},"categories":[78,54],"tags":[],"class_list":["post-45121","post","type-post","status-publish","format-standard","hentry","category-economie","category-maroc"],"_links":{"self":[{"href":"https:\/\/linitiative.ca\/International\/wp-json\/wp\/v2\/posts\/45121","targetHints":{"allow":["GET"]}}],"collection":[{"href":"https:\/\/linitiative.ca\/International\/wp-json\/wp\/v2\/posts"}],"about":[{"href":"https:\/\/linitiative.ca\/International\/wp-json\/wp\/v2\/types\/post"}],"author":[{"embeddable":true,"href":"https:\/\/linitiative.ca\/International\/wp-json\/wp\/v2\/users\/1787"}],"replies":[{"embeddable":true,"href":"https:\/\/linitiative.ca\/International\/wp-json\/wp\/v2\/comments?post=45121"}],"version-history":[{"count":0,"href":"https:\/\/linitiative.ca\/International\/wp-json\/wp\/v2\/posts\/45121\/revisions"}],"wp:attachment":[{"href":"https:\/\/linitiative.ca\/International\/wp-json\/wp\/v2\/media?parent=45121"}],"wp:term":[{"taxonomy":"category","embeddable":true,"href":"https:\/\/linitiative.ca\/International\/wp-json\/wp\/v2\/categories?post=45121"},{"taxonomy":"post_tag","embeddable":true,"href":"https:\/\/linitiative.ca\/International\/wp-json\/wp\/v2\/tags?post=45121"}],"curies":[{"name":"wp","href":"https:\/\/api.w.org\/{rel}","templated":true}]}}