{"id":45123,"date":"2019-07-08T13:04:35","date_gmt":"2019-07-08T17:04:35","guid":{"rendered":"https:\/\/linitiative.ca\/International\/lions-de-latlas-hakimi-regrette-et-sexcuse\/"},"modified":"2019-07-08T13:04:35","modified_gmt":"2019-07-08T17:04:35","slug":"lions-de-latlas-hakimi-regrette-et-sexcuse","status":"publish","type":"post","link":"https:\/\/linitiative.ca\/International\/lions-de-latlas-hakimi-regrette-et-sexcuse\/","title":{"rendered":"Lions de l\u2019Atlas : Hakimi regrette et s\u2019excuse"},"content":{"rendered":"<p><strong>L\u2019international marocain Ashraf Hakimi a exprim\u00e9 sa profonde tristesse apr\u00e8s la cruelle \u00e9limination\u00a0par le B\u00e9nin de l\u2019\u00e9quipe nationale de la Coupe d\u2019Afrique des Nations.<\/strong><\/p>\n<div class=\"c10\"\/>\n<p>\u00ab\u00a0Il est tr\u00e8s triste pour nous d\u2019\u00eatre \u00e9limin\u00e9s de la Coupe d\u2019Afrique\u00a0\u00bb, a d\u00e9clar\u00e9 Hakimi sur sa page officielle d&rsquo;\u00a0\u00bbInstagram\u00a0\u00bb apr\u00e8s une r\u00e9union au cours de laquelle il a qualifi\u00e9 l\u2019\u00e9limination de sortie noire de la porte \u00e9troite de la CAN, accompagn\u00e9e d\u2019un croquis montrant comment il a \u00e9t\u00e9 touch\u00e9 et triste apr\u00e8s l\u2019\u00e9limination. \u00ab\u00a0Nous devons apprendre des erreurs et revenir plus forts \u00e0 l\u2019avenir. Merci beaucoup \u00e0 nos fid\u00e8les fans pour leur soutien absolu. \u00a0\u00bb<\/p>\n<blockquote class=\"instagram-media c38\" data-instgrm-captioned=\"\" data-instgrm-permalink=\"https:\/\/www.instagram.com\/p\/BzoCguWg55c\/\" data-instgrm-version=\"12\">\n<\/blockquote>\n<p>Il est \u00e0 noter que l\u2019\u00e9quipe nationale, \u00e0 l\u2019exception de l\u2019\u00e9dition pr\u00e9c\u00e9dente o\u00f9 elle a atteint le quart de finale, n\u2019a pas r\u00e9ussi \u00e0 d\u00e9passer le deuxi\u00e8me tour de la comp\u00e9tition continentale depuis la qualification pour la finale avec l\u2019entra\u00eeneur marocain Zaki Badou, qui s\u2019est d\u00e9roul\u00e9e en Tunisie en 2004.<\/p>\n<div class=\"c45\">\n<fieldset class=\"c44\">\n<legend><strong><span class=\"c39\">Challenge<\/span><span class=\"c40\">news<\/span><\/strong><\/legend>\n<div class=\"c43\">Le meilleur de la r\u00e9daction s\u00e9lectionn\u00e9 par Challenge :<\/p>\n<\/div>\n<\/fieldset>\n<\/div>\n<p>Auteur: Hajar DARI<br \/>\n<a href=\"https:\/\/www.challenge.ma\/lions-de-latlas-hakimi-regrette-et-sexcuse-112364\/\">Cliquez ici pour lire l&rsquo;article depuis sa source.<\/a><\/p>\n","protected":false},"excerpt":{"rendered":"<p>L\u2019international marocain Ashraf Hakimi a exprim\u00e9 sa profonde tristesse apr\u00e8s la cruelle \u00e9limination\u00a0par le B\u00e9nin de l\u2019\u00e9quipe nationale de la Coupe d\u2019Afrique des Nations. \u00ab\u00a0Il est tr\u00e8s triste pour nous d\u2019\u00eatre \u00e9limin\u00e9s de la Coupe d\u2019Afrique\u00a0\u00bb, a d\u00e9clar\u00e9 Hakimi sur sa page officielle d&rsquo;\u00a0\u00bbInstagram\u00a0\u00bb apr\u00e8s une r\u00e9union au cours de laquelle il a qualifi\u00e9 l\u2019\u00e9limination [&hellip;]<\/p>\n","protected":false},"author":1787,"featured_media":0,"comment_status":"closed","ping_status":"closed","sticky":false,"template":"","format":"standard","meta":{"fifu_image_url":"","fifu_image_alt":"","footnotes":""},"categories":[78,54],"tags":[],"class_list":["post-45123","post","type-post","status-publish","format-standard","hentry","category-economie","category-maroc"],"_links":{"self":[{"href":"https:\/\/linitiative.ca\/International\/wp-json\/wp\/v2\/posts\/45123","targetHints":{"allow":["GET"]}}],"collection":[{"href":"https:\/\/linitiative.ca\/International\/wp-json\/wp\/v2\/posts"}],"about":[{"href":"https:\/\/linitiative.ca\/International\/wp-json\/wp\/v2\/types\/post"}],"author":[{"embeddable":true,"href":"https:\/\/linitiative.ca\/International\/wp-json\/wp\/v2\/users\/1787"}],"replies":[{"embeddable":true,"href":"https:\/\/linitiative.ca\/International\/wp-json\/wp\/v2\/comments?post=45123"}],"version-history":[{"count":0,"href":"https:\/\/linitiative.ca\/International\/wp-json\/wp\/v2\/posts\/45123\/revisions"}],"wp:attachment":[{"href":"https:\/\/linitiative.ca\/International\/wp-json\/wp\/v2\/media?parent=45123"}],"wp:term":[{"taxonomy":"category","embeddable":true,"href":"https:\/\/linitiative.ca\/International\/wp-json\/wp\/v2\/categories?post=45123"},{"taxonomy":"post_tag","embeddable":true,"href":"https:\/\/linitiative.ca\/International\/wp-json\/wp\/v2\/tags?post=45123"}],"curies":[{"name":"wp","href":"https:\/\/api.w.org\/{rel}","templated":true}]}}