{"id":45136,"date":"2019-07-08T13:40:47","date_gmt":"2019-07-08T17:40:47","guid":{"rendered":"https:\/\/linitiative.ca\/International\/tunisie-video-ce-qui-se-passe-au-croissant-rouge-tunisien-doit-etre-traite-comme-une-affaire-detat\/"},"modified":"2019-07-08T13:40:47","modified_gmt":"2019-07-08T17:40:47","slug":"tunisie-video-ce-qui-se-passe-au-croissant-rouge-tunisien-doit-etre-traite-comme-une-affaire-detat","status":"publish","type":"post","link":"https:\/\/linitiative.ca\/International\/tunisie-video-ce-qui-se-passe-au-croissant-rouge-tunisien-doit-etre-traite-comme-une-affaire-detat\/","title":{"rendered":"Tunisie \u2013 VIDEO\u00a0: ce qui se passe au croissant rouge tunisien doit \u00eatre trait\u00e9 comme une affaire d\u2019Etat"},"content":{"rendered":"<div class=\"post-cont-in left relative\">\n<div class=\"swp_social_panel swp_horizontal_panel swp_flat_fresh swp_default_full_color swp_individual_full_color swp_other_full_color scale-100 scale-\" data-min-width=\"1100\" data-float-color=\"#ffffff\" data-float=\"none\" data-float-mobile=\"none\" data-transition=\"slide\">\n<div class=\"nc_tweetContainer swp_share_button total_shares total_sharesalt\"><span class=\"swp_count\">23 <span class=\"swp_label\">Partages<\/span><\/span><\/div>\n<\/div>\n<p>Suite \u00e0 la d\u00e9cision du Haut Commissariat aux R\u00e9fugi\u00e9s de suspendre sa convention avec le croissant rouge tunisien, apr\u00e8s que celui-ci se soit rendu coupable d\u2019une mauvaise gestion dans le dossier du camp pour r\u00e9fugi\u00e9s de M\u00e9denine et vu que la situation en Libye est, plus que jamais explosive et pr\u00eate \u00e0 s\u2019\u00e9branler \u00e0 n\u2019importe quel moment, la r\u00e9daction de Tunisienumerique a eu un entretien avec Mr Mohamed Hedi Manna\u00ef, ancien membre volontaire du croissant rouge durant des dizaines d\u2019ann\u00e9es qui vient de quitter l\u2019organisation afin de cr\u00e9er un mouvement de redressement du parcours du CRT et le sauver de la gestion \u00ab\u00a0d\u00e9sastreuse\u00a0\u00bb de son nouveau pr\u00e9sident.<\/p>\n<p>Monsieur Manna\u00ef a annonc\u00e9 que, pour la premi\u00e8re fois, depuis sa cr\u00e9ation, le CRT passe une \u00ab\u00a0ann\u00e9e blanche\u00a0\u00bb. C\u2019est-\u00e0-dire, une ann\u00e9e avec z\u00e9ro actions. Il a expliqu\u00e9 cette situation par la mauvaise gestion de l\u2019organisation\u00a0de la part de son nouveau pr\u00e9sident qui se permet des \u00e9carts de d\u00e9penses et qui ne r\u00e9pond pas \u00e0 son courrier, ce qui a pouss\u00e9 les instances internationales, comme le Haut Comit\u00e9 des R\u00e9fugi\u00e9s \u00e0 Gen\u00e8ve, de le rappeler \u00e0 l\u2019ordre \u00e0 plusieurs reprises. Devant l\u2019absence de toute r\u00e9action de la part de ce pr\u00e9sident, le HCR a annonc\u00e9 la r\u00e9siliation de sa convention avec l\u2019organisation tunisienne et\u00a0 s\u2019est tourn\u00e9e vers d\u2019autres ONG.<\/p>\n<div class=\"code-block code-block-1 c3\"><ins class=\"adsbygoogle c2\" data-ad-layout=\"in-article\" data-ad-format=\"fluid\" data-ad-client=\"ca-pub-2102118777505746\" data-ad-slot=\"7301775417\"\/> <\/div>\n<p>Le probl\u00e8me, selon Monsieur Manna\u00ef, c\u2019est que le pr\u00e9sident du CRT veut g\u00e9rer l\u2019organisation \u00e0 sa mani\u00e8re et tout seul, sans en r\u00e9f\u00e9rer au bureau national, emp\u00eachant m\u00eame les membres d\u2019acc\u00e9der aux courriers et autres document de l\u2019organisation. Manna\u00ef a ajout\u00e9 que le pr\u00e9sident du CRT a recrut\u00e9 quelqu\u2019un de ses connaissances, pour g\u00e9rer avec lui l\u2019organisation, tout en \u00e9cartant les \u00ab\u00a0enfants du croissant\u00a0\u00bb comme ils se plaisent \u00e0 le dire. Or, a-t-il ajout\u00e9, cette nouvelle recrue est compl\u00e8tement incomp\u00e9tente, d\u2019o\u00f9 les trop nombreux d\u00e9passements enregistr\u00e9s dans la gestion de l\u2019organisation. Il a cit\u00e9, pour exemple, un ch\u00e8que du croissant rouge kowe\u00eftien, adress\u00e9 \u00e0 son homologue tunisien, qui devait servir \u00e0 aider financi\u00e8rement les victimes des inondations de Nabeul. Ch\u00e8que qui aurait \u00e9t\u00e9 vers\u00e9 sur un autre compte que ceux du CRT.<\/p>\n<p>Maintenant, m\u00eame si cette affaire semble, de prime abord, strictement interne \u00e0 l\u2019organisation, elle n\u2019en demeure pas moins d\u2019int\u00e9r\u00eat national, car une organisation comme le croissant rouge tunisien fait partie du paysage social du pays et s\u2019acquitte depuis toujours, de missions importantes, en compl\u00e9mentarit\u00e9 avec les appareils de l\u2019Etat. Cette organisation est en p\u00e9ril, pile au moment o\u00f9 le pays en a le plus besoin. C\u2019est-\u00e0-dire, pour g\u00e9rer les \u00e9ventuelles centaines de milliers de r\u00e9fugi\u00e9s qui pourraient affluer de Libye. L\u2019absence du croissant rouge tunisien laissera la porte grande ouverte aux autres ONG suspectes aux financements et aux desseins flous. Le pays n\u2019a, en ce moment, aucun besoin d\u2019un remake de ce qui s\u2019est pass\u00e9 en 2011, surtout avec la menace plus forte que jamais de la pr\u00e9sence de Daech au del\u00e0 des fronti\u00e8res.<\/p>\n<p>Donc,\u00a0c\u2019est une affaire qui devrait \u00eatre trait\u00e9e comme une affaire d\u2019Etat. Le chef du gouvernement en a saisi l\u2019importance et la gravit\u00e9, suite aux incidents qui se sont pass\u00e9s au foyer pour immigr\u00e9s \u00e0 M\u00e9denine et surtout \u00e0 la d\u00e9cision de r\u00e9siliation de la convention du HCR. C\u2019est dans cette optique et avec cette appr\u00e9hension, qu\u2019il a donn\u00e9 toute son importance \u00e0 la question et a ordonn\u00e9 que tout cet imbroglio soit tir\u00e9 au clair, de toute urgence, en convoquant autour d\u2019une table, toutes les parties impliqu\u00e9es.<\/p>\n<p>Quelle que soit la d\u00e9cision qui sera prise dans ce sens, elle sera, certainement \u00e0 m\u00eame de rendre hommage et justice aux illustres cr\u00e9ateurs et ex-pr\u00e9sidents du croissant rouge tunisien, qui en avaient fait un phare, illuminant le monde du travail humanitaire dans la r\u00e9gion et dans\u00a0 le monde arabe\u00a0!<br \/><iframe loading=\"lazy\" class=\"c4\" src=\"https:\/\/www.facebook.com\/plugins\/video.php?href=https%3A%2F%2Fwww.facebook.com%2FTunisie.Numerique%2Fvideos%2F2216676115108650%2F&#038;show_text=0&#038;width=560\" width=\"560\" height=\"315\" frameborder=\"0\" scrolling=\"no\" allowfullscreen=\"allowfullscreen\">[embedded content]<\/iframe><\/p>\n<div class=\"mvp-org-wrap mvp-org-logo\" itemprop=\"publisher\" itemscope=\"\" itemtype=\"https:\/\/schema.org\/Organization\"><img decoding=\"async\" src=\"https:\/\/www.tunisienumerique.com\/wp-content\/uploads\/2017\/02\/logo_tunisie_numerique.png\"\/><\/div>\n<div class=\"swp_social_panel swp_horizontal_panel swp_flat_fresh swp_default_full_color swp_individual_full_color swp_other_full_color scale-100 scale-\" data-min-width=\"1100\" data-float-color=\"#ffffff\" data-float=\"none\" data-float-mobile=\"none\" data-transition=\"slide\">\n<div class=\"nc_tweetContainer swp_share_button total_shares total_sharesalt\"><span class=\"swp_count\">23 <span class=\"swp_label\">Partages<\/span><\/span><\/div>\n<\/div>\n<div class=\"mvp-related-posts left relative\">\n<h4 class=\"post-header\"><span class=\"post-header\">Lire aussi<\/span><\/h4>\n<\/div>\n<\/div>\n<p>Auteur: LM<br \/>\n<a href=\"https:\/\/www.tunisienumerique.com\/tunisie-video-ce-qui-se-passe-au-croissant-rouge-tunisien-doit-etre-traite-comme-une-affaire-detat\/\">Cliquez ici pour lire l&rsquo;article depuis sa source.<\/a><\/p>\n","protected":false},"excerpt":{"rendered":"<p>23 Partages Suite \u00e0 la d\u00e9cision du Haut Commissariat aux R\u00e9fugi\u00e9s de suspendre sa convention avec le croissant rouge tunisien, apr\u00e8s que celui-ci se soit rendu coupable d\u2019une mauvaise gestion dans le dossier du camp pour r\u00e9fugi\u00e9s de M\u00e9denine et vu que la situation en Libye est, plus que jamais explosive et pr\u00eate \u00e0 s\u2019\u00e9branler [&hellip;]<\/p>\n","protected":false},"author":1789,"featured_media":45137,"comment_status":"closed","ping_status":"closed","sticky":false,"template":"","format":"standard","meta":{"fifu_image_url":"","fifu_image_alt":"","footnotes":""},"categories":[73,55],"tags":[],"class_list":["post-45136","post","type-post","status-publish","format-standard","has-post-thumbnail","hentry","category-actualite","category-tunisie"],"_links":{"self":[{"href":"https:\/\/linitiative.ca\/International\/wp-json\/wp\/v2\/posts\/45136","targetHints":{"allow":["GET"]}}],"collection":[{"href":"https:\/\/linitiative.ca\/International\/wp-json\/wp\/v2\/posts"}],"about":[{"href":"https:\/\/linitiative.ca\/International\/wp-json\/wp\/v2\/types\/post"}],"author":[{"embeddable":true,"href":"https:\/\/linitiative.ca\/International\/wp-json\/wp\/v2\/users\/1789"}],"replies":[{"embeddable":true,"href":"https:\/\/linitiative.ca\/International\/wp-json\/wp\/v2\/comments?post=45136"}],"version-history":[{"count":0,"href":"https:\/\/linitiative.ca\/International\/wp-json\/wp\/v2\/posts\/45136\/revisions"}],"wp:featuredmedia":[{"embeddable":true,"href":"https:\/\/linitiative.ca\/International\/wp-json\/"}],"wp:attachment":[{"href":"https:\/\/linitiative.ca\/International\/wp-json\/wp\/v2\/media?parent=45136"}],"wp:term":[{"taxonomy":"category","embeddable":true,"href":"https:\/\/linitiative.ca\/International\/wp-json\/wp\/v2\/categories?post=45136"},{"taxonomy":"post_tag","embeddable":true,"href":"https:\/\/linitiative.ca\/International\/wp-json\/wp\/v2\/tags?post=45136"}],"curies":[{"name":"wp","href":"https:\/\/api.w.org\/{rel}","templated":true}]}}