{"id":45138,"date":"2019-07-08T14:05:13","date_gmt":"2019-07-08T18:05:13","guid":{"rendered":"https:\/\/linitiative.ca\/International\/can-2019-un-petit-succes-envoie-la-cote-divoire-en-quarts-de-finale\/"},"modified":"2019-07-08T14:05:13","modified_gmt":"2019-07-08T18:05:13","slug":"can-2019-un-petit-succes-envoie-la-cote-divoire-en-quarts-de-finale","status":"publish","type":"post","link":"https:\/\/linitiative.ca\/International\/can-2019-un-petit-succes-envoie-la-cote-divoire-en-quarts-de-finale\/","title":{"rendered":"CAN 2019 : Un petit succ\u00e8s envoie la C\u00f4te d\u2019Ivoire en quarts de finale\u00a0\u00a0"},"content":{"rendered":"<div class=\"nc_socialPanel swp_flatFresh swp_d_fullColor swp_i_fullColor swp_o_fullColor scale-100 scale-fullWidth\" data-position=\"none\" data-float=\"floatNone\" data-count=\"5\" data-floatcolor=\"#ffffff\" data-emphasize=\"0\">\n<div class=\"nc_tweetContainer totes totesalt\" data-id=\"6\"><span class=\"swp_count\"><span class=\"swp_label\">Partages<\/span> 0<\/span><\/div>\n<\/div>\n<p><span>La C\u00f4te d\u2019Ivoire s\u2019est qualifi\u00e9e pour les quarts de finale de la Coupe d\u2019Afrique des Nations 2019 en battant le Mali (1-0).<\/span><span>\u00a0<\/span><\/p>\n<p><span>Les ivoiriens, qui ont subi quasiment durant la totalit\u00e9 du match, ont fini par r\u00e9aliser le hold-up parfait en s\u2019imposant sur le score d\u2019un but \u00e0 z\u00e9ro sur une r\u00e9alisation de<\/span><span>\u00a0Wilfried\u00a0<\/span><span>Zaha<\/span><span>\u00a0\u00e0 la 76\u00e8me minute.<\/span><span>\u00a0<\/span><\/p>\n<div class=\"code-block code-block-1 c5\"><ins class=\"adsbygoogle c4\" data-ad-layout=\"in-article\" data-ad-format=\"fluid\" data-ad-client=\"ca-pub-2102118777505746\" data-ad-slot=\"7301775417\"\/> <\/div>\n<p><span>Malgr\u00e9 la domination totale du Mali,\u00a0les\u00a0<\/span><span>maliens<\/span><span>\u00a0ne peuvent s\u2019en prendre qu\u2019\u00e0\u00a0<\/span><span>eux m\u00eames<\/span><span>\u00a0\u00e0 la suite d\u2019un tr\u00e8s grand nombre d\u2019occasions nettes rat\u00e9es en premi\u00e8re et seconde p\u00e9riodes.<\/span><span>\u00a0<\/span><\/p>\n<p><span>La d\u00e9ception et la frustration seront grandes ce soir au\u00a0<\/span><span>Mali<\/span><span>\u00a0au bout d\u2019un match qui pouvait facilement tourner en leur faveur.<\/span><span>\u00a0<\/span><\/p>\n<p><span>En quarts de finale de cette\u00a0<\/span><span>CAN 2019<\/span><span>, la\u00a0<\/span><span>C\u00f4te d\u2019Ivoire<\/span><span>\u00a0fera face\u00a0\u00e0 la\u00a0<\/span><span>s\u00e9lection alg\u00e9rienne<\/span><span>.<\/span><span>\u00a0<\/span><\/p>\n<div class=\"mvp-org-wrap mvp-org-logo\" itemprop=\"publisher\" itemscope=\"\" itemtype=\"https:\/\/schema.org\/Organization\"><img decoding=\"async\" src=\"https:\/\/sport.tunisienumerique.com\/wp-content\/uploads\/2017\/05\/logo_tunisie_numerique.png\"\/><\/div>\n<div class=\"nc_socialPanel swp_flatFresh swp_d_fullColor swp_i_fullColor swp_o_fullColor scale-100 scale-fullWidth\" data-position=\"none\" data-float=\"floatNone\" data-count=\"5\" data-floatcolor=\"#ffffff\" data-emphasize=\"0\">\n<div class=\"nc_tweetContainer totes totesalt\" data-id=\"6\"><span class=\"swp_count\"><span class=\"swp_label\">Partages<\/span> 0<\/span><\/div>\n<\/div>\n<div class=\"mvp-related-posts left relative\">\n<h4 class=\"post-header\"><span class=\"post-header\">Lire aussi<\/span><\/h4>\n<\/div>\n<p>Auteur: a.<br \/>\n<a href=\"https:\/\/sport.tunisienumerique.com\/can-2019-petit-succes-envoie-cote-divoire-quarts-de-finale\/\">Cliquez ici pour lire l&rsquo;article depuis sa source.<\/a><\/p>\n","protected":false},"excerpt":{"rendered":"<p>Partages 0 La C\u00f4te d\u2019Ivoire s\u2019est qualifi\u00e9e pour les quarts de finale de la Coupe d\u2019Afrique des Nations 2019 en battant le Mali (1-0).\u00a0 Les ivoiriens, qui ont subi quasiment durant la totalit\u00e9 du match, ont fini par r\u00e9aliser le hold-up parfait en s\u2019imposant sur le score d\u2019un but \u00e0 z\u00e9ro sur une r\u00e9alisation de\u00a0Wilfried\u00a0Zaha\u00a0\u00e0 [&hellip;]<\/p>\n","protected":false},"author":1789,"featured_media":45139,"comment_status":"closed","ping_status":"closed","sticky":false,"template":"","format":"standard","meta":{"fifu_image_url":"","fifu_image_alt":"","footnotes":""},"categories":[73,55],"tags":[],"class_list":["post-45138","post","type-post","status-publish","format-standard","has-post-thumbnail","hentry","category-actualite","category-tunisie"],"_links":{"self":[{"href":"https:\/\/linitiative.ca\/International\/wp-json\/wp\/v2\/posts\/45138","targetHints":{"allow":["GET"]}}],"collection":[{"href":"https:\/\/linitiative.ca\/International\/wp-json\/wp\/v2\/posts"}],"about":[{"href":"https:\/\/linitiative.ca\/International\/wp-json\/wp\/v2\/types\/post"}],"author":[{"embeddable":true,"href":"https:\/\/linitiative.ca\/International\/wp-json\/wp\/v2\/users\/1789"}],"replies":[{"embeddable":true,"href":"https:\/\/linitiative.ca\/International\/wp-json\/wp\/v2\/comments?post=45138"}],"version-history":[{"count":0,"href":"https:\/\/linitiative.ca\/International\/wp-json\/wp\/v2\/posts\/45138\/revisions"}],"wp:featuredmedia":[{"embeddable":true,"href":"https:\/\/linitiative.ca\/International\/wp-json\/"}],"wp:attachment":[{"href":"https:\/\/linitiative.ca\/International\/wp-json\/wp\/v2\/media?parent=45138"}],"wp:term":[{"taxonomy":"category","embeddable":true,"href":"https:\/\/linitiative.ca\/International\/wp-json\/wp\/v2\/categories?post=45138"},{"taxonomy":"post_tag","embeddable":true,"href":"https:\/\/linitiative.ca\/International\/wp-json\/wp\/v2\/tags?post=45138"}],"curies":[{"name":"wp","href":"https:\/\/api.w.org\/{rel}","templated":true}]}}