{"id":45140,"date":"2019-07-08T14:17:33","date_gmt":"2019-07-08T18:17:33","guid":{"rendered":"https:\/\/linitiative.ca\/International\/tunisie-video-deraillement-dun-train-voila-comment-doivent-se-gerer-les-crises\/"},"modified":"2019-07-08T14:17:33","modified_gmt":"2019-07-08T18:17:33","slug":"tunisie-video-deraillement-dun-train-voila-comment-doivent-se-gerer-les-crises","status":"publish","type":"post","link":"https:\/\/linitiative.ca\/International\/tunisie-video-deraillement-dun-train-voila-comment-doivent-se-gerer-les-crises\/","title":{"rendered":"Tunisie \u2013 VIDEO\u00a0: D\u00e9raillement d\u2019un train\u00a0: Voil\u00e0 comment doivent se g\u00e9rer les crises\u00a0!"},"content":{"rendered":"<div class=\"post-cont-in left relative\">\n<div class=\"swp_social_panel swp_horizontal_panel swp_flat_fresh swp_default_full_color swp_individual_full_color swp_other_full_color scale-100 scale-\" data-min-width=\"1100\" data-float-color=\"#ffffff\" data-float=\"none\" data-float-mobile=\"none\" data-transition=\"slide\">\n<div class=\"nc_tweetContainer swp_share_button total_shares total_sharesalt\"><span class=\"swp_count\">27 <span class=\"swp_label\">Partages<\/span><\/span><\/div>\n<\/div>\n<p>Un train de voyageurs vient de d\u00e9railler au niveau de Kala\u00e2 Kebira, dans la r\u00e9gion de Sousse, faisant 21 bless\u00e9s l\u00e9gers. Quelques minutes, apr\u00e8s, le ministre des Transports, Hichem Ben Ahmed \u00e9tait sur place, sur les rails, Envoy\u00e9 par le chef du gouvernement, Youssef Chahed pour constater de visu ce qui s\u2019\u00e9tait pass\u00e9, pour entendre les dol\u00e9ances et la v\u00e9rit\u00e9, de la bouche des voyageurs et m\u00eame, des riverains.<\/p>\n<p>Entretemps, Ben Ahmed a pris le temps d\u2019aller au chevet des bless\u00e9s pris en charge \u00e0 l\u2019h\u00f4pital de Sahloul et s\u2019est f\u00e9licit\u00e9 du fait qu\u2019ils soient en bonne sant\u00e9. Il a annonc\u00e9 \u00e0 l\u2019assistance que la plupart des bless\u00e9s ont quitt\u00e9 l\u2019h\u00f4pital et qu\u2019il n\u2019en restait plus que six qui devraient quitter dans les heures qui suivent.<\/p>\n<div class=\"code-block code-block-1 c4\"><ins class=\"adsbygoogle c3\" data-ad-layout=\"in-article\" data-ad-format=\"fluid\" data-ad-client=\"ca-pub-2102118777505746\" data-ad-slot=\"7301775417\"\/> <\/div>\n<p>Aux dol\u00e9ances des riverains et certains passagers qui \u00e9taient \u00e0 bord du convoi qui avait d\u00e9raill\u00e9, Ben Ahmed a expliqu\u00e9 que le minist\u00e8re \u00e9tait au courant de l\u2019\u00e9tat de d\u00e9labrement des rails et de toute l\u2019infrastructure et qu\u2019il \u00e9tait en train d\u2019\u0153uvrer pour sa r\u00e9novation et sa mise \u00e0 niveau, en plus du lancement d\u2019un appel d\u2019offre de 110 nouveaux trains, pour moderniser le parc ferroviaire.<\/p>\n<p>Ben Ahmed a expliqu\u00e9 \u00e0 l\u2019assistance que le minist\u00e8re n\u2019\u00e9tait pas en train d\u2019attendre une catastrophe pour r\u00e9agir, mais qu\u2019il \u00e9tait conscient de la situation\u00a0et \u00e9tait, d\u00e9j\u00e0, en train d\u2019y rem\u00e9dier, par ordre de priorit\u00e9, en r\u00e9parant les zones les plus gravement d\u00e9t\u00e9rior\u00e9es.<\/p>\n<p>Quant aux raisons de l\u2019accident, le ministre s\u2019est abstenu de toute r\u00e9ponse h\u00e2tive ou approximative, assurant qu\u2019il a ordonn\u00e9 une enqu\u00eate et qu\u2019il a donn\u00e9 \u00e0 la commission un d\u00e9lai de douze jours, suite auxquels, il a promis de rendre publiques leurs conclusions.<\/p>\n<p>Il a, par la suite, \u00e9cout\u00e9 les dol\u00e9ances des riverains qui l\u2019ont, \u00e0 priori, mis sur une \u00e9ventuelle piste pour expliquer le d\u00e9raillement, l\u2019informant que toutes les eaux de ruissellement, ainsi que les eaux us\u00e9es du quartier, \u00e0 ce niveau de la voie ferr\u00e9e, s\u2019infiltraient directement, sous les rails, ce qui aurait pu,\u00e0 la longue en d\u00e9stabiliser les bases. Par la suite, apr\u00e8s une br\u00e8ve d\u00e9claration aux journalistes, il s\u2019est affair\u00e9 \u00e0 r\u00e9gler les probl\u00e8mes les plus urgents,\u00a0au t\u00e9l\u00e9phone, pour trouver dans les plus brefs d\u00e9lais, une grue capable de relever les wagons couch\u00e9s sur le flanc, d\u00e9gager la voie et r\u00e9tablir la circulation des trains sur cette vie principale.<\/p>\n<p>En bref, un aper\u00e7u d\u2019une action exemplaire, sur le terrain, pour g\u00e9rer une crise, comme il se doit, en allant aux nouvelles, en essayant d\u2019\u00e9couter ceux dont les voix ne lui seraient jamais parvenues\u00a0et pour prendre, lui-m\u00eame, les dispositions qui s\u2019imposent, en temps et lieu.<\/p>\n<p>D\u2019autres auraient certainement pr\u00e9f\u00e9r\u00e9, surtout avec cette canicule, rester au frais dans leurs bureaux, ou mieux encore chez eux, \u00e0 attendre ce que vont leur raconter leurs subalternes qui, forc\u00e9ment, s\u2019ils avaient des choses \u00e0 se reprocher, n\u2019iraient\u00a0certainement pas les leurs dire\u00a0!<\/p>\n<div class=\"mvp-org-wrap mvp-org-logo\" itemprop=\"publisher\" itemscope=\"\" itemtype=\"https:\/\/schema.org\/Organization\"><img decoding=\"async\" src=\"https:\/\/www.tunisienumerique.com\/wp-content\/uploads\/2017\/02\/logo_tunisie_numerique.png\"\/><\/div>\n<div class=\"swp_social_panel swp_horizontal_panel swp_flat_fresh swp_default_full_color swp_individual_full_color swp_other_full_color scale-100 scale-\" data-min-width=\"1100\" data-float-color=\"#ffffff\" data-float=\"none\" data-float-mobile=\"none\" data-transition=\"slide\">\n<div class=\"nc_tweetContainer swp_share_button total_shares total_sharesalt\"><span class=\"swp_count\">27 <span class=\"swp_label\">Partages<\/span><\/span><\/div>\n<\/div>\n<div class=\"mvp-related-posts left relative\">\n<h4 class=\"post-header\"><span class=\"post-header\">Lire aussi<\/span><\/h4>\n<\/div>\n<\/div>\n<p>Auteur: LM<br \/>\n<a href=\"https:\/\/www.tunisienumerique.com\/tunisie-video-deraillement-dun-train-voila-comment-doivent-se-gerer-les-crises\/\">Cliquez ici pour lire l&rsquo;article depuis sa source.<\/a><\/p>\n","protected":false},"excerpt":{"rendered":"<p>27 Partages Un train de voyageurs vient de d\u00e9railler au niveau de Kala\u00e2 Kebira, dans la r\u00e9gion de Sousse, faisant 21 bless\u00e9s l\u00e9gers. Quelques minutes, apr\u00e8s, le ministre des Transports, Hichem Ben Ahmed \u00e9tait sur place, sur les rails, Envoy\u00e9 par le chef du gouvernement, Youssef Chahed pour constater de visu ce qui s\u2019\u00e9tait pass\u00e9, [&hellip;]<\/p>\n","protected":false},"author":1789,"featured_media":45141,"comment_status":"closed","ping_status":"closed","sticky":false,"template":"","format":"standard","meta":{"fifu_image_url":"","fifu_image_alt":"","footnotes":""},"categories":[73,55],"tags":[],"class_list":["post-45140","post","type-post","status-publish","format-standard","has-post-thumbnail","hentry","category-actualite","category-tunisie"],"_links":{"self":[{"href":"https:\/\/linitiative.ca\/International\/wp-json\/wp\/v2\/posts\/45140","targetHints":{"allow":["GET"]}}],"collection":[{"href":"https:\/\/linitiative.ca\/International\/wp-json\/wp\/v2\/posts"}],"about":[{"href":"https:\/\/linitiative.ca\/International\/wp-json\/wp\/v2\/types\/post"}],"author":[{"embeddable":true,"href":"https:\/\/linitiative.ca\/International\/wp-json\/wp\/v2\/users\/1789"}],"replies":[{"embeddable":true,"href":"https:\/\/linitiative.ca\/International\/wp-json\/wp\/v2\/comments?post=45140"}],"version-history":[{"count":0,"href":"https:\/\/linitiative.ca\/International\/wp-json\/wp\/v2\/posts\/45140\/revisions"}],"wp:featuredmedia":[{"embeddable":true,"href":"https:\/\/linitiative.ca\/International\/wp-json\/"}],"wp:attachment":[{"href":"https:\/\/linitiative.ca\/International\/wp-json\/wp\/v2\/media?parent=45140"}],"wp:term":[{"taxonomy":"category","embeddable":true,"href":"https:\/\/linitiative.ca\/International\/wp-json\/wp\/v2\/categories?post=45140"},{"taxonomy":"post_tag","embeddable":true,"href":"https:\/\/linitiative.ca\/International\/wp-json\/wp\/v2\/tags?post=45140"}],"curies":[{"name":"wp","href":"https:\/\/api.w.org\/{rel}","templated":true}]}}