{"id":45148,"date":"2019-07-08T04:15:57","date_gmt":"2019-07-08T08:15:57","guid":{"rendered":"https:\/\/linitiative.ca\/International\/promotion-de-lemploi-des-jeunes-les-premieres-dames-dafrique-soutiennent-des-porteurs-de-projets\/"},"modified":"2019-07-08T04:15:57","modified_gmt":"2019-07-08T08:15:57","slug":"promotion-de-lemploi-des-jeunes-les-premieres-dames-dafrique-soutiennent-des-porteurs-de-projets","status":"publish","type":"post","link":"https:\/\/linitiative.ca\/International\/promotion-de-lemploi-des-jeunes-les-premieres-dames-dafrique-soutiennent-des-porteurs-de-projets\/","title":{"rendered":"Promotion de l\u2019emploi des jeunes : Les Premi\u00e8res dames d\u2019Afrique  soutiennent des porteurs de projets"},"content":{"rendered":"<div class=\"td-post-featured-image\"><a href=\"https:\/\/i2.wp.com\/www.sidwaya.info\/wp-content\/uploads\/2019\/07\/eco.gif?fit=787%2C525&#038;ssl=1\" data-caption=\"\"><img loading=\"lazy\" decoding=\"async\" width=\"696\" height=\"464\" class=\"entry-thumb td-modal-image\" src=\"https:\/\/i2.wp.com\/www.sidwaya.info\/wp-content\/uploads\/2019\/07\/eco.gif?resize=696%2C464&#038;ssl=1\" alt=\"\" title=\"eco\"\/><\/a><\/div>\n<p>L\u2019\u00e9pouse du pr\u00e9sident nig\u00e9rien, Dr Lalla Malika Issoufou, a offert un d\u00eener aux Premi\u00e8res dames des autres pays africains, pr\u00e9sentes \u00e0 Niamey dans le cadre du sommet de l\u2019Union africaine, le vendredi 5 juillet 2019.<\/p>\n<p>Au cours de la soir\u00e9e \u00e0 laquelle l\u2019\u00e9pouse du pr\u00e9sident du Faso, Sika Kabor\u00e9, a pris part, des prix ont \u00e9t\u00e9 d\u00e9cern\u00e9s \u00e0 des porteurs de projets qui font la promotion de l\u2019emploi des jeunes. Les prix sont d\u2019une valeur de trois millions FCFA chacun, offerts par la Banque mondiale, et portent chacun le nom de l\u2019\u00e9pouse de chaque chef d\u2019Etat.<\/p>\n<p>Le prix Sika Kabor\u00e9 est revenu \u00e0 Moumouni Adamou Abdel Nasser, qui a re\u00e7u son ch\u00e8que de trois millions FCFA, des mains de l\u2019\u00e9pouse du chef de l\u2019\u00c9tat Burkinab\u00e8. L\u2019initiative de soutenir les porteurs de projets dans la promotion de l\u2019emploi des jeunes \u00e9mane de la Premi\u00e8re dame du Niger. A cet effet, une comp\u00e9tition a \u00e9t\u00e9 organis\u00e9e, afin de d\u00e9celer les meilleurs projets.<\/p>\n<p class=\"c1\"><strong>Direction de la communication pr\u00e9sidence du Faso<\/strong><\/p>\n<div class=\"td-a-rec td-a-rec-id-content_bottom td_uid_30_5d23b923e0bda_rand td_block_template_1\"><img loading=\"lazy\" decoding=\"async\" class=\"aligncenter size-full wp-image-9623\" src=\"https:\/\/www.sidwaya.info\/wp-content\/uploads\/2019\/06\/Projet-bannie%CC%80re-Orange-mobile.jpg\" alt=\"\" width=\"728\" height=\"81\"\/><\/div>\n<p>Auteur: JK. Sidwaya<br \/>\n<a href=\"https:\/\/www.sidwaya.info\/blog\/2019\/07\/08\/promotion-de-lemploi-des-jeunes-les-premieres-dames-dafrique-soutiennent-des-porteurs-de-projets\/\">Cliquez ici pour lire l&rsquo;article depuis sa source.<\/a><\/p>\n","protected":false},"excerpt":{"rendered":"<p>L\u2019\u00e9pouse du pr\u00e9sident nig\u00e9rien, Dr Lalla Malika Issoufou, a offert un d\u00eener aux Premi\u00e8res dames des autres pays africains, pr\u00e9sentes \u00e0 Niamey dans le cadre du sommet de l\u2019Union africaine, le vendredi 5 juillet 2019. Au cours de la soir\u00e9e \u00e0 laquelle l\u2019\u00e9pouse du pr\u00e9sident du Faso, Sika Kabor\u00e9, a pris part, des prix ont [&hellip;]<\/p>\n","protected":false},"author":1816,"featured_media":0,"comment_status":"closed","ping_status":"closed","sticky":false,"template":"","format":"standard","meta":{"fifu_image_url":"","fifu_image_alt":"","footnotes":""},"categories":[73,81],"tags":[],"class_list":["post-45148","post","type-post","status-publish","format-standard","hentry","category-actualite","category-burkina-faso"],"_links":{"self":[{"href":"https:\/\/linitiative.ca\/International\/wp-json\/wp\/v2\/posts\/45148","targetHints":{"allow":["GET"]}}],"collection":[{"href":"https:\/\/linitiative.ca\/International\/wp-json\/wp\/v2\/posts"}],"about":[{"href":"https:\/\/linitiative.ca\/International\/wp-json\/wp\/v2\/types\/post"}],"author":[{"embeddable":true,"href":"https:\/\/linitiative.ca\/International\/wp-json\/wp\/v2\/users\/1816"}],"replies":[{"embeddable":true,"href":"https:\/\/linitiative.ca\/International\/wp-json\/wp\/v2\/comments?post=45148"}],"version-history":[{"count":0,"href":"https:\/\/linitiative.ca\/International\/wp-json\/wp\/v2\/posts\/45148\/revisions"}],"wp:attachment":[{"href":"https:\/\/linitiative.ca\/International\/wp-json\/wp\/v2\/media?parent=45148"}],"wp:term":[{"taxonomy":"category","embeddable":true,"href":"https:\/\/linitiative.ca\/International\/wp-json\/wp\/v2\/categories?post=45148"},{"taxonomy":"post_tag","embeddable":true,"href":"https:\/\/linitiative.ca\/International\/wp-json\/wp\/v2\/tags?post=45148"}],"curies":[{"name":"wp","href":"https:\/\/api.w.org\/{rel}","templated":true}]}}