{"id":45149,"date":"2019-07-08T04:32:51","date_gmt":"2019-07-08T08:32:51","guid":{"rendered":"https:\/\/linitiative.ca\/International\/recuperation-des-terres-degradees-beog-puuto-pour-redonner-la-fertilite-a-30-000-hectares-de-sols\/"},"modified":"2019-07-08T04:32:51","modified_gmt":"2019-07-08T08:32:51","slug":"recuperation-des-terres-degradees-beog-puuto-pour-redonner-la-fertilite-a-30-000-hectares-de-sols","status":"publish","type":"post","link":"https:\/\/linitiative.ca\/International\/recuperation-des-terres-degradees-beog-puuto-pour-redonner-la-fertilite-a-30-000-hectares-de-sols\/","title":{"rendered":"R\u00e9cup\u00e9ration des terres d\u00e9grad\u00e9es : Beog Puuto pour redonner la fertilit\u00e9  \u00e0 30 000 hectares de sols"},"content":{"rendered":"<div class=\"td-post-featured-image\" readability=\"32\"><a href=\"https:\/\/i1.wp.com\/www.sidwaya.info\/wp-content\/uploads\/2019\/07\/puut2.gif?fit=700%2C431&#038;ssl=1\" data-caption=\"Les acteurs de mise en \u0153uvre du projet ont \u00e9t\u00e9 invit\u00e9s \u00e0 redoubler d\u2019ardeur au travail.\"><img loading=\"lazy\" decoding=\"async\" width=\"696\" height=\"429\" class=\"entry-thumb td-modal-image\" src=\"https:\/\/i1.wp.com\/www.sidwaya.info\/wp-content\/uploads\/2019\/07\/puut2.gif?resize=696%2C429&#038;ssl=1\" alt=\"\" title=\"puut2\"\/><\/a>Les acteurs de mise en \u0153uvre du projet ont \u00e9t\u00e9 invit\u00e9s \u00e0 redoubler d\u2019ardeur au travail.<\/div>\n<p><strong>Le ministre de l\u2019Agriculture et des Am\u00e9nagements hydroagricoles, Salifou Ou\u00e9draogo, a lanc\u00e9 officiellement les activit\u00e9s du Projet de r\u00e9cup\u00e9ration des terres d\u00e9grad\u00e9es et d\u2019augmentation de la productivit\u00e9 agro-sylvo-pastorale \u00abBeog Puuto\u00bb ou les champs de l\u2019avenir, le mardi 2 juillet 2019, \u00e0 Ziniar\u00e9<\/strong><\/p>\n<p>Pour faire face \u00e0 la d\u00e9gradation continue des terres au Burkina Faso (105 000 \u00e0 250 000 hectares par an), la Su\u00e8de a mis en place le Projet de r\u00e9cup\u00e9ration des terres d\u00e9grad\u00e9es et d\u2019augmentation de la productivit\u00e9 agro-sylvo-pastorale \u00abBeog Puuto\u00bb ou les champs de l\u2019avenir. Ce projet qui ambitionne d\u2019apporter une r\u00e9ponse durable \u00e0 la d\u00e9gradation des terres et \u00e0 l\u2019ins\u00e9curit\u00e9 alimentaire et nutritionnelle a \u00e9t\u00e9 lanc\u00e9 le mardi 2 juillet 2019, \u00e0 Ziniar\u00e9 par le ministre de l\u2019Agriculture et des Am\u00e9nagements hydro-agricoles, Salifou Ou\u00e9draogo.<\/p>\n<p>D\u2019une dur\u00e9e de cinq ans, il sera mis en \u0153uvre par un consortium de cinq partenaires (SOS Sahel International-France, SOS Sahel International-Burkina Faso, Terre Verte, la Grande muraille verte et la Direction g\u00e9n\u00e9rale des am\u00e9nagements agricoles et du d\u00e9veloppement de l\u2019irrigation) dans 30 communes des r\u00e9gions du Centre-Nord, du Nord, du Plateau central et de l\u2019Est.<\/p>\n<p>Avec un co\u00fbt global de 12 445 941 198 FCFA, financ\u00e9 par l\u2019ambassade de la Su\u00e8de au Burkina Faso, il consistera \u00e0 r\u00e9aliser une large op\u00e9ration-pilote de restauration de la fertilit\u00e9 des sols et de relance de l\u2019\u00e9conomie agricole, permettant d\u2019enclencher un processus de transformation des syst\u00e8mes de production agricole dans la zone sah\u00e9lienne \u00e0 grande \u00e9chelle, aux dires du directeur des op\u00e9rations de SOS Sahel France, Edouard Sanou.<\/p>\n<p>Ce, sur la base de mod\u00e8les de d\u00e9veloppement capitalis\u00e9s par les membres du consortium durant de nombreuses ann\u00e9es sur le terrain. De ce fait, il est pr\u00e9vu la restauration de 30 000 ha de terres, le d\u00e9veloppement de 7 fermes-pilotes, la mise en place de 2 000 ha de p\u00e9rim\u00e8tres irrigu\u00e9s au b\u00e9n\u00e9fice de 2 400 femmes, la cr\u00e9ation de 15 centres de services agro-sylvo-pastoraux, le renforcement des capacit\u00e9s des communes en mati\u00e8re de planification territoriale.<\/p>\n<p><img loading=\"lazy\" decoding=\"async\" class=\"size-medium wp-image-10145\" src=\"https:\/\/i2.wp.com\/www.sidwaya.info\/wp-content\/uploads\/2019\/07\/puuto.gif?resize=300%2C211&#038;ssl=1\" alt=\"\" width=\"300\" height=\"211\" srcset=\"https:\/\/i2.wp.com\/www.sidwaya.info\/wp-content\/uploads\/2019\/07\/puuto.gif?resize=300%2C211&#038;ssl=1 300w, https:\/\/i2.wp.com\/www.sidwaya.info\/wp-content\/uploads\/2019\/07\/puuto.gif?resize=100%2C70&#038;ssl=1 100w, https:\/\/i2.wp.com\/www.sidwaya.info\/wp-content\/uploads\/2019\/07\/puuto.gif?resize=696%2C490&#038;ssl=1 696w, https:\/\/i2.wp.com\/www.sidwaya.info\/wp-content\/uploads\/2019\/07\/puuto.gif?resize=597%2C420&#038;ssl=1 597w\" sizes=\"auto, (max-width: 300px) 100vw, 300px\" data-recalc-dims=\"1\"\/>La chef de la Coop\u00e9ration de l\u2019ambassade de Su\u00e8de au Burkina Faso, Susanna Hugues, a rassur\u00e9 que son pays suivra le projet par des visites-terrain<br \/>et des \u00e9changes avec les acteurs concern\u00e9s<\/p>\n<p>Nourrir 350 000 personnes \u00abEn outre, nous allons pratiquer autrement l\u2019agriculture pour nourrir 50 000 m\u00e9nages soit 350 000 personnes dans 30 communes de quatre r\u00e9gions du Burkina. C\u2019est un pari que SOS Sahel et ses partenaires se sont lanc\u00e9 pour les cinq ann\u00e9es de mise en \u0153uvre du projet\u00bb, a annonc\u00e9 M. Sanou.<\/p>\n<p>A termes, le projet devrait \u00e9galement conduire \u00e0 la r\u00e9duction de la p\u00e9riode de soudure des m\u00e9nages-cibles \u00e0 trois mois. Aussi, 60% des 5 000 jeunes producteurs encadr\u00e9s devront \u00eatre en mesure de d\u00e9velopper un syst\u00e8me agroforestier \u00e9conomiquement viable et les instances de gestion des organisations locales de d\u00e9veloppement dans la restauration des terres devront comprendre au moins 40% de femmes. Pour le coordonnateur national de l\u2019Initiative de la grande muraille verte pour le Sahara et le Sahel, Adama Doulkom, ce projet vient compl\u00e9ter la liste des diff\u00e9rents appuis, et renforcera l\u2019\u00e9dification de la Grande muraille verte au pays des Hommes int\u00e8gres.<\/p>\n<p>\u00abBeog Puuto, comme son nom l\u2019indique, est un projet futuriste. Il traduit ce que nous voulons que nos champs de demain soient\u00bb, a-t-il relev\u00e9. La chef de la coop\u00e9ration de l\u2019ambassade de Su\u00e8de au Burkina Faso, Susanna Hugues, s\u2019est, quant \u00e0 elle, r\u00e9jouie du fait que les femmes soient des b\u00e9n\u00e9ficiaires privil\u00e9gi\u00e9es du projet. Au nom des communes concern\u00e9es, le maire de Ziniar\u00e9, Pascal Compaor\u00e9, a salu\u00e9 la mise en \u0153uvre de Beog Puuto qui \u00abapportera des innovations en termes de savoir et de savoir-faire au profit des producteurs\u00bb.<\/p>\n<p>Pour le ministre de l\u2019Agriculture et des Am\u00e9nagements hydroagricoles, Salifou Ou\u00e9draogo, cette initiative contribuera au renforcement de la ma\u00eetrise d\u2019ouvrage communale et \u00e0 l\u2019atteinte des objectifs du PNDES. \u00abC\u2019est pourquoi, je lance un vibrant appel \u00e0 l\u2019ensemble des partenaires, pour plus d\u2019actions en faveur de la bonne ma\u00eetrise communale\u00bb, a-t-il souhait\u00e9. Il a \u00e9galement invit\u00e9 tous les acteurs impliqu\u00e9s dans la mise en \u0153uvre des activit\u00e9s de Beog Puuto \u00e0 un engagement in\u00e9branlable, afin que les 30 communes cibl\u00e9es voient leurs conditions agro-sylvo-pastorales s\u2019am\u00e9liorer.<\/p>\n<p class=\"c1\"><strong>Abdias Cyprien SAWADOGO<\/strong><\/p>\n<div class=\"td-a-rec td-a-rec-id-content_bottom td_uid_30_5d23b926e5d18_rand td_block_template_1\"><img loading=\"lazy\" decoding=\"async\" class=\"aligncenter size-full wp-image-9623\" src=\"https:\/\/www.sidwaya.info\/wp-content\/uploads\/2019\/06\/Projet-bannie%CC%80re-Orange-mobile.jpg\" alt=\"\" width=\"728\" height=\"81\"\/><\/div>\n<p>Auteur: JK. Sidwaya<br \/>\n<a href=\"https:\/\/www.sidwaya.info\/blog\/2019\/07\/08\/recuperation-des-terres-degradees-beog-puuto-pour-redonner-la-fertilite-a-30-000-hectares-de-sols\/\">Cliquez ici pour lire l&rsquo;article depuis sa source.<\/a><\/p>\n","protected":false},"excerpt":{"rendered":"<p>Les acteurs de mise en \u0153uvre du projet ont \u00e9t\u00e9 invit\u00e9s \u00e0 redoubler d\u2019ardeur au travail. Le ministre de l\u2019Agriculture et des Am\u00e9nagements hydroagricoles, Salifou Ou\u00e9draogo, a lanc\u00e9 officiellement les activit\u00e9s du Projet de r\u00e9cup\u00e9ration des terres d\u00e9grad\u00e9es et d\u2019augmentation de la productivit\u00e9 agro-sylvo-pastorale \u00abBeog Puuto\u00bb ou les champs de l\u2019avenir, le mardi 2 juillet [&hellip;]<\/p>\n","protected":false},"author":1816,"featured_media":0,"comment_status":"closed","ping_status":"closed","sticky":false,"template":"","format":"standard","meta":{"fifu_image_url":"","fifu_image_alt":"","footnotes":""},"categories":[73,81],"tags":[],"class_list":["post-45149","post","type-post","status-publish","format-standard","hentry","category-actualite","category-burkina-faso"],"_links":{"self":[{"href":"https:\/\/linitiative.ca\/International\/wp-json\/wp\/v2\/posts\/45149","targetHints":{"allow":["GET"]}}],"collection":[{"href":"https:\/\/linitiative.ca\/International\/wp-json\/wp\/v2\/posts"}],"about":[{"href":"https:\/\/linitiative.ca\/International\/wp-json\/wp\/v2\/types\/post"}],"author":[{"embeddable":true,"href":"https:\/\/linitiative.ca\/International\/wp-json\/wp\/v2\/users\/1816"}],"replies":[{"embeddable":true,"href":"https:\/\/linitiative.ca\/International\/wp-json\/wp\/v2\/comments?post=45149"}],"version-history":[{"count":0,"href":"https:\/\/linitiative.ca\/International\/wp-json\/wp\/v2\/posts\/45149\/revisions"}],"wp:attachment":[{"href":"https:\/\/linitiative.ca\/International\/wp-json\/wp\/v2\/media?parent=45149"}],"wp:term":[{"taxonomy":"category","embeddable":true,"href":"https:\/\/linitiative.ca\/International\/wp-json\/wp\/v2\/categories?post=45149"},{"taxonomy":"post_tag","embeddable":true,"href":"https:\/\/linitiative.ca\/International\/wp-json\/wp\/v2\/tags?post=45149"}],"curies":[{"name":"wp","href":"https:\/\/api.w.org\/{rel}","templated":true}]}}