{"id":45182,"date":"2019-07-08T11:08:20","date_gmt":"2019-07-08T15:08:20","guid":{"rendered":"https:\/\/linitiative.ca\/International\/commerce-regional-la-zone-de-libre-echange-continentale-entre-en-vigueur\/"},"modified":"2019-07-08T11:08:20","modified_gmt":"2019-07-08T15:08:20","slug":"commerce-regional-la-zone-de-libre-echange-continentale-entre-en-vigueur","status":"publish","type":"post","link":"https:\/\/linitiative.ca\/International\/commerce-regional-la-zone-de-libre-echange-continentale-entre-en-vigueur\/","title":{"rendered":"Commerce r\u00e9gional:  la Zone de libre-\u00e9change continentale entre en vigueur"},"content":{"rendered":"<p>C\u2019est officiel, le lancement\u00a0\u00ab\u00a0<em>historique<\/em>\u00a0\u00bb de la Zone de libre-\u00e9change continentale a eu lieu dimanche 7 juillet \u00e0 Niamey au Niger. \u00ab <em>L\u2019entr\u00e9e en vigueur de la <strong>Zlec<\/strong> est l\u2019\u00e9v\u00e9nement le plus important dans la vie de notre continent depuis la cr\u00e9ation de l\u2019OUA (Organisation de l\u2019unit\u00e9 africaine) en 1963 et sa transformation en Union africaine<\/em> \u00bb, a affirm\u00e9 en ouverture du sommet l\u2019h\u00f4te nig\u00e9rien, le pr\u00e9sident <strong>Mahamadou Issoufou<\/strong>, un des plus ardents promoteurs de la zone. Les chefs d\u2019\u00c9tat (32) et de gouvernement en ouvrant les travaux de ce sommet se sont entendus sur certains des instruments \u00e0 mettre en place pour permettre son fonctionnement, en particulier en ce qui concerne les offres tarifaires en ligne, le syst\u00e8me de paiement num\u00e9rique et l\u2019observatoire africain du commerce. Le choix d\u2019<strong>Accra<\/strong> comme si\u00e8ge du futur secr\u00e9tariat permanent de cette Zlec a \u00e9t\u00e9 valid\u00e9, il a \u00e9galement \u00e9t\u00e9 confirm\u00e9 que la zone n\u2019entrera pleinement en vigueur que dans un an, le 1er juillet 2020.<\/p>\n<hr\/>\n<h4><strong>>> Lire aussi \u2013 <a title=\"March\u00e9 commun: l\u2019Assembl\u00e9e nationale donne son feu vert pour l\u2019int\u00e9gration du Cameroun \u00e0 la Zlec\" href=\"https:\/\/ecomatin.net\/marche-commun-lassemblee-nationale-donne-son-feu-vert-pour-lintegration-du-cameroun-a-la-zleca\/\" target=\"_blank\" rel=\"noopener noreferrer\">March\u00e9 commun: l\u2019Assembl\u00e9e nationale donne son feu vert pour l\u2019int\u00e9gration du Cameroun \u00e0 la Zlec\/a><br \/><\/a><\/strong><\/h4>\n<hr\/>\n<p><strong>Le g\u00e9ant nig\u00e9rian, r\u00e9ticent jusque-l\u00e0, et son voisin le B\u00e9nin ont sign\u00e9 l\u2019accord dimanche en ouverture du sommet, sous les applaudissements de leurs homologues. De m\u00eame que le parlement camerounais a adopt\u00e9, vendredi 28 juin 2019, le Projet de loi autorisant le pr\u00e9sident de la R\u00e9publique \u00a0du Cameroun \u00e0 ratifier les accords sur la <strong>Zlec<\/strong>. \u00a054 des 55 pays africains vont constituer ce nouveau march\u00e9 dont le si\u00e8ge sera \u00e0 Accra au Ghana. Seule l\u2019\u00c9rythr\u00e9e n\u2019a pas sign\u00e9 l\u2019accord mais a annonc\u00e9 qu\u2019elle \u00e9tait dispos\u00e9e \u00e0 le faire. Une \u00e9quipe d\u2019experts de l\u2019UA va se rendre prochainement dans ce pays. \u00ab <em>Le chemin est encore long<\/em> \u00bb, a comment\u00e9 le pr\u00e9sident \u00e9gyptien <strong>Abdel Fattah al-Sissi<\/strong>.<\/strong><\/p>\n<p>D\u00e9j\u00e0, d\u2019\u00e2pres n\u00e9gociations se poursuivaient \u00e0 l\u2019ouverture du sommet sur la mise en \u0153uvre progressive de la Zlec, qui doit r\u00e9unir <strong>1,2 milliard<\/strong> de personnes. Les discussions portaient sur le calendrier des r\u00e9ductions des droits de douane et \u00ab l<em>a vitesse \u00e0 laquelle on les fait baisser<\/em> \u00bb mais aussi sur la circulation de biens import\u00e9s de l\u2019\u00e9tranger, a confi\u00e9 une source diplomatique.<\/p>\n<hr\/>\n<h4><strong>>> Lire aussi \u2013 <a title=\"Commerce intra-africain: la strat\u00e9gie du Cameroun pour tirer profit de la zone de libre \u00e9change\" href=\"https:\/\/ecomatin.net\/commerce-intra-africain-la-strategie-du-cameroun-pour-tirer-profit-de-la-zone-de-libre-echange\/\" target=\"_blank\" rel=\"noopener noreferrer\">Commerce intra-africain: la strat\u00e9gie du Cameroun pour tirer profit de la zone de libre \u00e9change<\/a><br \/><\/strong><\/h4>\n<hr\/>\n<p><strong>Juillet 2020<\/strong><\/p>\n<p>Le march\u00e9 devrait \u00eatre actif \u00e0 partir du premier juillet 2020. \u00ab <em>Il faut donner un calendrier pour que tout le monde puisse jouer son r\u00f4le dans la pr\u00e9paration du march\u00e9 (unique)<\/em> \u00bb, a expliqu\u00e9 le commissaire au Commerce et \u00e0 l\u2019Industrie de l\u2019UA, <strong>Albert Muchanga. \u00a0Chiedu Osakwe<\/strong>, le n\u00e9gociateur en chef nig\u00e9rian, souligne que la \u00ab <em>lib\u00e9ralisation du commerce doit s\u2019aligner sur des r\u00e9formes structurelles<\/em> \u00bb internes. \u00ab <em>Aucun pays ne va tout lib\u00e9raliser<\/em> \u00bb d\u2019un coup, souligne-t-il, pr\u00e9cisant que le processus devrait s\u2019\u00e9tendre sur plusieurs ann\u00e9es. \u00ab L<em>es pays les moins d\u00e9velopp\u00e9s ont dix ans pour supprimer les droits de douane. Un groupe de six pays (parmi les moins d\u00e9velopp\u00e9s, dont le Niger et le Malawi)<\/em> \u00bb a obtenu 15 ans, a pr\u00e9cis\u00e9 <strong>Cristina Chatima<\/strong>, directrice du commerce du Malawi. L\u2019UA estime que la Zlec permettra d\u2019augmenter de pr\u00e8s de 60% d\u2019ici \u00e0 2022 le commerce intra-africain et de donner un coup de fouet \u00e0 l\u2019ensemble de ses \u00e9conomies. Ses d\u00e9tracteurs \u00e9voquent le manque de compl\u00e9mentarit\u00e9 des \u00e9conomies et craignent que des importations bon march\u00e9 ne portent pr\u00e9judice aux petits producteurs agricoles et industriels.<\/p>\n<p><strong>\u00a0<\/strong><\/p>\n<div class=\"about-author about-author-box container-wrapper\">\n<div class=\"author-avatar\">\n<p><img decoding=\"async\" src=\"http:\/\/\" alt=\"\"\/><\/p>\n<\/div>\n<p><h4>La R\u00e9daction EcoMatin<\/h4>\n<\/p>\n<\/div>\n<div class=\"awac-wrapper awac widget blog_subscription-2\">\n<h4 class=\"widget-title\">Abonnez-vous \u00e0 notre lettre d&rsquo;information<\/h4>\n<\/div>\n<p>Auteur: EcoMatin<br \/>\n<a href=\"https:\/\/ecomatin.net\/commerce-regional-la-zone-de-libre-echange-continentale-entre-en-vigueur\/\">Cliquez ici pour lire l&rsquo;article depuis sa source.<\/a><\/p>\n","protected":false},"excerpt":{"rendered":"<p>C\u2019est officiel, le lancement\u00a0\u00ab\u00a0historique\u00a0\u00bb de la Zone de libre-\u00e9change continentale a eu lieu dimanche 7 juillet \u00e0 Niamey au Niger. \u00ab L\u2019entr\u00e9e en vigueur de la Zlec est l\u2019\u00e9v\u00e9nement le plus important dans la vie de notre continent depuis la cr\u00e9ation de l\u2019OUA (Organisation de l\u2019unit\u00e9 africaine) en 1963 et sa transformation en Union africaine [&hellip;]<\/p>\n","protected":false},"author":1969,"featured_media":0,"comment_status":"closed","ping_status":"closed","sticky":false,"template":"","format":"standard","meta":{"fifu_image_url":"","fifu_image_alt":"","footnotes":""},"categories":[82,78],"tags":[],"class_list":["post-45182","post","type-post","status-publish","format-standard","hentry","category-cameroun","category-economie"],"_links":{"self":[{"href":"https:\/\/linitiative.ca\/International\/wp-json\/wp\/v2\/posts\/45182","targetHints":{"allow":["GET"]}}],"collection":[{"href":"https:\/\/linitiative.ca\/International\/wp-json\/wp\/v2\/posts"}],"about":[{"href":"https:\/\/linitiative.ca\/International\/wp-json\/wp\/v2\/types\/post"}],"author":[{"embeddable":true,"href":"https:\/\/linitiative.ca\/International\/wp-json\/wp\/v2\/users\/1969"}],"replies":[{"embeddable":true,"href":"https:\/\/linitiative.ca\/International\/wp-json\/wp\/v2\/comments?post=45182"}],"version-history":[{"count":0,"href":"https:\/\/linitiative.ca\/International\/wp-json\/wp\/v2\/posts\/45182\/revisions"}],"wp:attachment":[{"href":"https:\/\/linitiative.ca\/International\/wp-json\/wp\/v2\/media?parent=45182"}],"wp:term":[{"taxonomy":"category","embeddable":true,"href":"https:\/\/linitiative.ca\/International\/wp-json\/wp\/v2\/categories?post=45182"},{"taxonomy":"post_tag","embeddable":true,"href":"https:\/\/linitiative.ca\/International\/wp-json\/wp\/v2\/tags?post=45182"}],"curies":[{"name":"wp","href":"https:\/\/api.w.org\/{rel}","templated":true}]}}