{"id":45185,"date":"2019-07-09T08:00:46","date_gmt":"2019-07-09T12:00:46","guid":{"rendered":"https:\/\/linitiative.ca\/International\/maroc-web-awards-et-les-gagnants-sont\/"},"modified":"2019-07-09T08:00:46","modified_gmt":"2019-07-09T12:00:46","slug":"maroc-web-awards-et-les-gagnants-sont","status":"publish","type":"post","link":"https:\/\/linitiative.ca\/International\/maroc-web-awards-et-les-gagnants-sont\/","title":{"rendered":"Maroc Web Awards : Et les gagnants sont\u2026"},"content":{"rendered":"<p><img decoding=\"async\" class=\"post_layout_5_img\" src=\"http:\/\/aujourdhui.ma\/wp-content\/uploads\/2019\/07\/Maroc-Web-Awards-.jpg?x29840\" alt=\"Maroc Web Awards : Et les gagnants sont\u2026\"\/><\/p>\n<p class=\"p1\"><span class=\"s1\"><span class=\"c4\"><strong>Une vingtaine de bloggeurs, vlogueurs, instagrameurs, gameurs ou d\u00e9tenteurs de cha\u00eene youtube s\u2019est distingu\u00e9e lors de la 12\u00e8me \u00e9dition du \u00abMaroc Web Awards\u00bb, la plus grande comp\u00e9tition web en Afrique du nord et Moyen- Orient.<\/strong><\/span><\/span> <span id=\"more-314597\"\/><\/p>\n<p class=\"p1\"><span class=\"s1\">Un \u00e9v\u00e9nement qui consacre les talents du Web marocains avec le soutien de l\u2019op\u00e9rateur t\u00e9l\u00e9phonique Inwi, acteur engag\u00e9 pour la promotion des cr\u00e9ateurs de contenu digital leur offrant ainsi des opportunit\u00e9s d\u2019\u00e9volution et de d\u00e9veloppement de leurs projets. <em>\u00abLes Maroc Web Awards sont d\u00e9sormais l\u2019un des temps forts de l\u2019\u00e9cosyst\u00e8me num\u00e9rique national. Depuis plusieurs ann\u00e9es, nous accompagnons cet \u00e9v\u00e9nement qui soutient les cr\u00e9ateurs de contenus digitaux dans leur \u00e9volution, tout en c\u00e9l\u00e9brant leur cr\u00e9ativit\u00e9, leur ing\u00e9niosit\u00e9 et leur esprit d\u2019innovation. Notre objectif est de promouvoir ces talents et multiplier les opportunit\u00e9s qu\u2019offre la sph\u00e8re digitale marocaine, tout en c\u00e9l\u00e9brant et cultivant l\u2019esprit d\u2019innovation et de cr\u00e9ativit\u00e9\u00bb,<\/em> peut-on relever de Brahim Amdouy, Manager des Contenus chez Inwi.<\/span><\/p>\n<p class=\"p1\"><span class=\"s1\">L\u2019actuelle \u00e9dition qui s\u2019est tenue dimanche 7 juillet \u00e0 Casablanca et diffus\u00e9e en direct sur les r\u00e9seaux sociaux Inwi et les plates-formes web de 2M et de \u00abMaroc Web Awards\u00bb a consacr\u00e9 le blogueur Mohammed Seghini, le cr\u00e9atif Brahim Azizi et le vlogueur Ismail Sefrioui. De m\u00eame, Youssef Aabou, Jamal Alpha (Jamal Azmi) et Deep Web Maroc (Naoufal Ichou) se sont distingu\u00e9s respectivement pour leurs comptes Instagram, Cha\u00eene Youtube et page Facebook. Dans la cat\u00e9gorie Application, \u00abMarkoub.ma\u00bb de Zouhir Droussi, a vol\u00e9 la vedette au moment o\u00f9 Aymen Games (Aymen Bentaa) s\u2019est illustr\u00e9 dans la cat\u00e9gorie Gaming et Khalil Kouskous dans la cat\u00e9gorie humour.<\/span><\/p>\n<p class=\"p1\"><span class=\"s1\">Parmi les laur\u00e9ats de cette 12\u00e8me \u00e9dition on note \u00e9galement Bacfacile (science et \u00e9ducation), Khalid Jdid (sport et bien-\u00eatre), Live Hashtag (technologie), Mourad Belaissaoui (article en ligne), Jump to fly (photographie), Al3omk.com (site d\u2019actualit\u00e9), le court m\u00e9trage Essalam (vid\u00e9o), Big Shift (musique) et Amine Boushag (voyage). La gent f\u00e9minine n\u2019est pas en reste. Intissar Boukili a \u00e9t\u00e9 prim\u00e9e pour sa cha\u00eene de cuisine Tabkh wal bayt maa Intissar\u00bb\u00a0et Nadia Elkarbas pour sa cha\u00eene\u00a0\u00abKhiyatat Oum Imrane\u00bb.<\/span><\/p>\n<p class=\"p1\"><span class=\"s1\">Il est \u00e0 souligner que la c\u00e9r\u00e9monie de remise de troph\u00e9es sera retransmise ce mardi et ce pour la premi\u00e8re fois sur la deuxi\u00e8me cha\u00eene. Les organisateurs soulignent que la large diffusion de cet \u00e9v\u00e9nement t\u00e9moigne de son envergure en tant que rendez-vous incontournable exclusivement d\u00e9di\u00e9 au digital. Elle permet une plus grande ouverture vers un public plus large et plus \u00e9clectique, ainsi qu\u2019une meilleure valorisation des Maroc Web Awards.<\/span><\/p>\n<p>Auteur: ALM<br \/>\n<a href=\"http:\/\/aujourdhui.ma\/high-tech\/maroc-web-awards-et-les-gagnants-sont\">Cliquez ici pour lire l&rsquo;article depuis sa source.<\/a><\/p>\n","protected":false},"excerpt":{"rendered":"<p>Une vingtaine de bloggeurs, vlogueurs, instagrameurs, gameurs ou d\u00e9tenteurs de cha\u00eene youtube s\u2019est distingu\u00e9e lors de la 12\u00e8me \u00e9dition du \u00abMaroc Web Awards\u00bb, la plus grande comp\u00e9tition web en Afrique du nord et Moyen- Orient. Un \u00e9v\u00e9nement qui consacre les talents du Web marocains avec le soutien de l\u2019op\u00e9rateur t\u00e9l\u00e9phonique Inwi, acteur engag\u00e9 pour la [&hellip;]<\/p>\n","protected":false},"author":1759,"featured_media":0,"comment_status":"closed","ping_status":"closed","sticky":false,"template":"","format":"standard","meta":{"fifu_image_url":"","fifu_image_alt":"","footnotes":""},"categories":[73,54],"tags":[],"class_list":["post-45185","post","type-post","status-publish","format-standard","hentry","category-actualite","category-maroc"],"_links":{"self":[{"href":"https:\/\/linitiative.ca\/International\/wp-json\/wp\/v2\/posts\/45185","targetHints":{"allow":["GET"]}}],"collection":[{"href":"https:\/\/linitiative.ca\/International\/wp-json\/wp\/v2\/posts"}],"about":[{"href":"https:\/\/linitiative.ca\/International\/wp-json\/wp\/v2\/types\/post"}],"author":[{"embeddable":true,"href":"https:\/\/linitiative.ca\/International\/wp-json\/wp\/v2\/users\/1759"}],"replies":[{"embeddable":true,"href":"https:\/\/linitiative.ca\/International\/wp-json\/wp\/v2\/comments?post=45185"}],"version-history":[{"count":0,"href":"https:\/\/linitiative.ca\/International\/wp-json\/wp\/v2\/posts\/45185\/revisions"}],"wp:attachment":[{"href":"https:\/\/linitiative.ca\/International\/wp-json\/wp\/v2\/media?parent=45185"}],"wp:term":[{"taxonomy":"category","embeddable":true,"href":"https:\/\/linitiative.ca\/International\/wp-json\/wp\/v2\/categories?post=45185"},{"taxonomy":"post_tag","embeddable":true,"href":"https:\/\/linitiative.ca\/International\/wp-json\/wp\/v2\/tags?post=45185"}],"curies":[{"name":"wp","href":"https:\/\/api.w.org\/{rel}","templated":true}]}}