{"id":45192,"date":"2019-07-09T10:57:16","date_gmt":"2019-07-09T14:57:16","guid":{"rendered":"https:\/\/linitiative.ca\/International\/etudes-superieures-avec-le-bachelor-en-gestion-des-entreprises-esca-diversifie-son-offre\/"},"modified":"2019-07-09T10:57:16","modified_gmt":"2019-07-09T14:57:16","slug":"etudes-superieures-avec-le-bachelor-en-gestion-des-entreprises-esca-diversifie-son-offre","status":"publish","type":"post","link":"https:\/\/linitiative.ca\/International\/etudes-superieures-avec-le-bachelor-en-gestion-des-entreprises-esca-diversifie-son-offre\/","title":{"rendered":"Etudes sup\u00e9rieures : Avec le Bachelor en gestion des entreprises ESCA diversifie son offre"},"content":{"rendered":"<p><img decoding=\"async\" class=\"post_layout_5_img\" src=\"http:\/\/aujourdhui.ma\/wp-content\/uploads\/2019\/07\/Imad-Eddine-Hatimi-directeur-des-accre%CC%81ditations-a%CC%80-l%E2%80%99ESCA.jpg?x29840\" alt=\"Etudes sup\u00e9rieures : Avec le Bachelor en gestion des entreprises ESCA diversifie son offre\"\/><\/p>\n<p class=\"p1\"><span class=\"s1\"><span class=\"c4\"><strong>Apr\u00e8s l\u2019accr\u00e9ditation AACSB de ses programmes, l\u2019ESCA Ecole de Management emprunte un nouveau tournant sur un march\u00e9 o\u00f9 elle a su d\u00e8s le d\u00e9part r\u00e9pondre aux attentes des entreprises.<\/strong><\/span><\/span> <span id=\"more-314643\"\/><\/p>\n<p class=\"p1\"><span class=\"s1\">Aujourd\u2019hui, le lancement d\u2019un nouveau Bachelor en gestion des entreprises, \u00e0 partir de septembre 2019, permettra de satisfaire, \u00e0 son tour, les entreprises dans la demande du middle management, n\u00e9cessaire \u00e0 l\u2019atteinte des performances. D\u2019un autre c\u00f4t\u00e9, les candidats potentiels \u00e0 cette formation seraient ceux qui d\u00e9sirent emprunter la voie courte des \u00e9tudes et obtenir une formation orient\u00e9e vers une sp\u00e9cialit\u00e9 m\u00e9tier. Tel qu\u2019il a \u00e9t\u00e9 con\u00e7u, <em>\u00able programme p\u00e9dagogique d\u00e9di\u00e9 au Bachelor a pour objectif de former des op\u00e9rationnels, socialement responsables et capables de contribuer \u00e0 la performance des entreprises, et \u00e0 leur internationalisation\u00bb,<\/em> affirment les responsables de l\u2019\u00e9tablissement.<\/span><\/p>\n<p class=\"p1\"><span class=\"s1\"><em>\u00abA chaque fois que nous lan\u00e7ons une formation, elle est en coh\u00e9rence avec sa mission\u00bb,<\/em> poursuit, dans le m\u00eame sens, Imad-Eddine Hatimi, directeur des accr\u00e9ditations \u00e0 l\u2019ESCA Ecole de Management. Concr\u00e8tement, un tel programme vise des m\u00e9tiers recherch\u00e9s dans des<span class=\"Apple-converted-space\">\u00a0<\/span> secteurs strat\u00e9giques et nouveaux g\u00e9n\u00e9rateurs de croissance de l\u2019\u00e9conomie marocaine. Quatre sp\u00e9cialisations ont ainsi \u00e9t\u00e9 mises en place, \u00e0 savoir\u00a0: \u00abe-business et marketing digital, achat et logistique internationale\u00bb, \u00abgestion comptable et financi\u00e8re\u00bb et \u00abbanque et assurances\u00bb. Toutes les formations s\u2019adressent aux bacheliers et sont dispens\u00e9es sur 3 ann\u00e9es. Les laur\u00e9ats du Bachelor en gestion des entreprises obtiennent le dipl\u00f4me Bac+ 3 d\u2019ESCA \u00c9cole de Management, reconnu par l\u2019Etat comme \u00e9quivalent \u00e0 la licence. Le dipl\u00f4me a \u00e9t\u00e9 mis au format du Bachelor international, le dipl\u00f4me de r\u00e9f\u00e9rence post-Bac le plus d\u00e9livr\u00e9 en Europe. <em>\u00abIl peut ainsi, gr\u00e2ce \u00e0 l\u2019accr\u00e9ditation AACSB d\u2019ESCA Ecole de Management, permettre aussi aux \u00e9tudiants de poursuivre des \u00e9tudes de master \u00e0 l\u2019international dans les institutions les plus prestigieuses\u00bb.<\/em> L\u2019enseignement au cours de la 1\u00e8re ann\u00e9e repose sur la d\u00e9couverte du monde de l\u2019entreprise, int\u00e9grant la dimension environnementale qui d\u00e9termine ses d\u00e9cisions strat\u00e9giques et les outils cl\u00e9s du gestionnaire. La seconde ann\u00e9e est ax\u00e9e sur le fonctionnement concret des activit\u00e9s op\u00e9rationnelles.<\/span><\/p>\n<p class=\"p1\"><span class=\"s1\">Enfin, la 3\u00e8me ann\u00e9e pr\u00e9pare le candidat \u00e0 la sp\u00e9cialisation proprement dite.<\/span><\/p>\n<p class=\"p1\"><span class=\"s1\">Le programme se veut riche et s\u2019adapte aux besoins des entreprises et des organisations. Il se d\u00e9cline en cours, TD, m\u00e9moires, stages, semestres d\u2019\u00e9changes \u00e0 l\u2019international, apprentissage des langues, ateliers de d\u00e9veloppement personnel, projets pratiques, \u00e9tudes de cas, recherche, visites d\u2019entreprises, etc. <em>\u00abLe Bachelor en gestion des entreprises repose sur la polyvalence, la capacit\u00e9 de r\u00e9solution des probl\u00e8mes, l\u2019esprit d\u2019entrepreneuriat, les habilet\u00e9s communicationnelles, l\u2019ouverture sur le monde et le sens de responsabilit\u00e9 sociale, \u00e0 travers une p\u00e9dagogie innovante et diversifi\u00e9e\u00bb,<\/em> poursuit M. Hatimi. Et en fin de cursus, les candidats acc\u00e9deront \u00e0 la ma\u00eetrise d\u2019activit\u00e9s relatives \u00e0 la fonction choisie (E-Business et Marketing Digital, banque et assurances, achat et logistique internationale, et enfin gestion comptable et financi\u00e8re).<\/span><\/p>\n<p class=\"p1\"><span class=\"s1\">Pour rappel, l\u2019ESCA Ecole de Management n\u2019a cess\u00e9 d\u2019\u00e9voluer depuis sa cr\u00e9ation en 1992. Elle accueille plus de 30 nationalit\u00e9s sur le campus et dispose d\u2019un r\u00e9seau de 95 partenaires internationaux et de 64 partenaires entreprises. Chaque ann\u00e9e, elle offre 300 places en \u00e9change international \u00e0 ses \u00e9tudiants. 4.000 laur\u00e9ats \u00e9voluent d\u00e9j\u00e0 dans de tr\u00e8s nombreux secteurs, ce qui lui permet de cr\u00e9er un r\u00e9seau certain.<\/span><\/p>\n<p class=\"p1\"><span class=\"s1\">Ses fondateurs ont, par ailleurs, retenu comme crit\u00e8re de d\u00e9veloppement de l\u2019Ecole de Management la mondialisation. Ses diff\u00e9rents programmes sont ax\u00e9s en effet sur le multiculturalisme et l\u2019internationalit\u00e9 \u00e0 travers toutes les opportunit\u00e9s d\u2019\u00e9tudes et d\u2019\u00e9change au monde entier. Le but ultime \u00e9tant la formation de managers capables de s\u2019adapter aux diff\u00e9rents environnements. Et le Maroc est en pleine mutation. Les choix ne sont pas fortuits mais reposent sur des priorit\u00e9s gouvernementales.<\/span><\/p>\n<div class=\"base-box mom_box_sc_custom mom_box_sc clear c6\" readability=\"48\">\n<p class=\"p1\"><span class=\"c5\"><span class=\"s1\"><strong>Des orientations\u00a0<\/strong><\/span><span class=\"s1\"><strong>strat\u00e9giques pour une employabilit\u00e9 optimis\u00e9e<\/strong><\/span><\/span><\/p>\n<p class=\"p1\"><span class=\"s1\"><strong>\u2022 E-Business et Marketing Digital\u00a0:<\/strong><span class=\"Apple-converted-space\">\u00a0<\/span> Pr\u00e9pare les \u00e9tudiants \u00e0 une carri\u00e8re dans des fonctions commerciales ou de marketing et en particulier celles mobilisant les nouvelles technologies. Les laur\u00e9ats qui ont choisi cette sp\u00e9cialisation auront l\u2019opportunit\u00e9 d\u2019\u00e9voluer en tant que chef de produit web, web marketer, responsable e-commerce, digital manager, community manager, etc.<\/span><\/p>\n<p class=\"p1\"><span class=\"s1\"><strong>\u2022 Banque et assurances\u00a0:<\/strong> Pr\u00e9pare aux m\u00e9tiers des secteurs financiers et des assurances. Les laur\u00e9ats de cette sp\u00e9cialit\u00e9 pourront pr\u00e9tendre \u00e0 des fonctions telles que charg\u00e9 de client\u00e8le d\u2019une banque, conseiller bancaire, charg\u00e9 d\u2019affaires, gestionnaire de patrimoine, conseiller commercial en assurances, conseiller en assurance et \u00e9pargne, etc.<\/span><\/p>\n<p class=\"p1\"><span class=\"s1\"><strong>\u2022 Achat et logistique internationale\u00a0:<\/strong> Permet l\u2019int\u00e9gration des m\u00e9tiers comme gestionnaire de plate-forme, logisticien, responsable service approvisionnement, supply chain manager, gestionnaire de stocks, responsable des achats, etc.<\/span><\/p>\n<p class=\"p1\"><span class=\"s1\"><strong>\u2022 Gestion comptable et financi\u00e8re\u00a0:<\/strong> Pr\u00e9pare pour des fonctions telles que responsable d\u2019un service comptable, chef comptable, collaborateur d\u2019expert-comptable, responsable administratif et financier, analyste financier, conseiller financier, etc.<\/span><\/p>\n<\/div>\n<p>Auteur: Dounia Essabban<br \/>\n<a href=\"http:\/\/aujourdhui.ma\/emploi\/formation\/etudes-superieures-avec-le-bachelor-en-gestion-des-entreprises-esca-diversifie-son-offre\">Cliquez ici pour lire l&rsquo;article depuis sa source.<\/a><\/p>\n","protected":false},"excerpt":{"rendered":"<p>Apr\u00e8s l\u2019accr\u00e9ditation AACSB de ses programmes, l\u2019ESCA Ecole de Management emprunte un nouveau tournant sur un march\u00e9 o\u00f9 elle a su d\u00e8s le d\u00e9part r\u00e9pondre aux attentes des entreprises. Aujourd\u2019hui, le lancement d\u2019un nouveau Bachelor en gestion des entreprises, \u00e0 partir de septembre 2019, permettra de satisfaire, \u00e0 son tour, les entreprises dans la demande [&hellip;]<\/p>\n","protected":false},"author":1759,"featured_media":0,"comment_status":"closed","ping_status":"closed","sticky":false,"template":"","format":"standard","meta":{"fifu_image_url":"","fifu_image_alt":"","footnotes":""},"categories":[73,54],"tags":[],"class_list":["post-45192","post","type-post","status-publish","format-standard","hentry","category-actualite","category-maroc"],"_links":{"self":[{"href":"https:\/\/linitiative.ca\/International\/wp-json\/wp\/v2\/posts\/45192","targetHints":{"allow":["GET"]}}],"collection":[{"href":"https:\/\/linitiative.ca\/International\/wp-json\/wp\/v2\/posts"}],"about":[{"href":"https:\/\/linitiative.ca\/International\/wp-json\/wp\/v2\/types\/post"}],"author":[{"embeddable":true,"href":"https:\/\/linitiative.ca\/International\/wp-json\/wp\/v2\/users\/1759"}],"replies":[{"embeddable":true,"href":"https:\/\/linitiative.ca\/International\/wp-json\/wp\/v2\/comments?post=45192"}],"version-history":[{"count":0,"href":"https:\/\/linitiative.ca\/International\/wp-json\/wp\/v2\/posts\/45192\/revisions"}],"wp:attachment":[{"href":"https:\/\/linitiative.ca\/International\/wp-json\/wp\/v2\/media?parent=45192"}],"wp:term":[{"taxonomy":"category","embeddable":true,"href":"https:\/\/linitiative.ca\/International\/wp-json\/wp\/v2\/categories?post=45192"},{"taxonomy":"post_tag","embeddable":true,"href":"https:\/\/linitiative.ca\/International\/wp-json\/wp\/v2\/tags?post=45192"}],"curies":[{"name":"wp","href":"https:\/\/api.w.org\/{rel}","templated":true}]}}