{"id":45194,"date":"2019-07-09T05:48:25","date_gmt":"2019-07-09T09:48:25","guid":{"rendered":"https:\/\/linitiative.ca\/International\/fierte-et-optimisme-a-niamey\/"},"modified":"2019-07-09T05:48:25","modified_gmt":"2019-07-09T09:48:25","slug":"fierte-et-optimisme-a-niamey","status":"publish","type":"post","link":"https:\/\/linitiative.ca\/International\/fierte-et-optimisme-a-niamey\/","title":{"rendered":"Fiert\u00e9 et optimisme \u00e0 Niamey"},"content":{"rendered":"<p class=\"c4\"><span class=\"c3\"><strong><span class=\"c2\">C\u2019<\/span>est un message de fiert\u00e9, d\u2019optimisme et d\u2019aspiration que les leaders africains ont lanc\u00e9, dimanche \u00e0 Niamey, \u00e0 l\u2019ouverture du 12\u00e8me Sommet extraordinaire de l\u2019Union africaine (UA), exclusivement consacr\u00e9 au lancement officiel de la Zone de libre-\u00e9change continentale africaine (ZLECA).<\/strong><\/span><\/p>\n<p class=\"c4\">Tour \u00e0 tour, les chefs d\u2019Etat et de gouvernement africains se sont f\u00e9licit\u00e9s de la gen\u00e8se, de la port\u00e9e et des retomb\u00e9es de cette Zone qui fera de l\u2019Afrique un m\u00e9ga-march\u00e9 de plus d\u2019un milliard de personnes avec un produit int\u00e9rieur brut (PIB) cumul\u00e9 d\u2019environ 3.5 milliards USD.<\/p>\n<p class=\"c4\">Donnant le ton, le pr\u00e9sident de la commission de l\u2019UA Moussa Faki Mahamat a salu\u00e9 un accord \u201chistorique\u201d qui inspire fiert\u00e9 et qui devrait m\u00e9tamorphoser l\u2019\u00e9conomie continentale en dopant de mani\u00e8re exponentielle les flux commerciaux interafricains.<\/p>\n<p class=\"c4\">\u201cUne fiert\u00e9 pour tous\u201d, c\u2019est en ces mots que Faki Mahamat a qualifi\u00e9 le lancement de la ZLECA, dont l\u2019une des caract\u00e9ristiques phares est, selon lui, sa capacit\u00e9 de renfermer une diversit\u00e9 de situations \u00e9conomiques, g\u00e9ographiques et d\u00e9mographiques.<\/p>\n<p class=\"c4\">L\u2019op\u00e9rationnalisation de la ZLECA est de nature \u00e0 favoriser l\u2019entreprenariat, l\u2019emploi de la jeunesse et l\u2019\u00e9mancipation des femmes, a soutenu Faki Mahamat, mettant l\u2019accent par ailleurs sur le r\u00f4le central de la consolidation de la paix et de la s\u00e9curit\u00e9 dans le succ\u00e8s de ce projet.<\/p>\n<p class=\"c4\">D\u2019apr\u00e8s le pr\u00e9sident de la commission de l\u2019UA, la ZLECA sera soutenue, d\u00e8s son lancement, par des r\u00e8gles d\u2019origines bien d\u00e9finies, des listes de concessions tarifaires dans le commerce de bien, un m\u00e9canisme en ligne de surveillance et d\u2019\u00e9limination des barri\u00e8res non tarifaires continentaux, une plate-forme panafricaine de paiement et de r\u00e8glements num\u00e9rique, une application Web et mobile pour les entreprises, ainsi qu\u2019un portail de l\u2019Observatoire africain de commerce, a-t-il fait savoir.<\/p>\n<p class=\"c4\">Lui embo\u00eetant le pas, le chef de l\u2019Etat \u00e9gyptien Abdel Fattah Al-Sissi, pr\u00e9sident en exercice de l\u2019UA, a affirm\u00e9 que l\u2019op\u00e9rationnalisation de la ZLECA marque un tournant d\u00e9cisif pour l\u2019Afrique en ce qu\u2019il incarne le prolongement et la continuit\u00e9 de l\u2019action africaine commune, men\u00e9e depuis la cr\u00e9ation de l\u2019Organisation de l\u2019unit\u00e9 africaine. De quoi susciter la fiert\u00e9 de tout un continent, a-t-il lanc\u00e9.<\/p>\n<p class=\"c4\">L\u2019entr\u00e9e en vigueur de la ZLECA, l\u2019une de plus grandes zones \u00e9conomiques du monde, est un acquis tr\u00e8s important mais, a nuanc\u00e9 le pr\u00e9sident \u00e9gyptien, tout un chemin est encore \u00e0 parcourir pour doper les flux commerciaux interafricains, d\u2019\u00e0 peine \u00e0 15 pc, favoriser un climat propice \u00e0 l\u2019investissement et pulv\u00e9riser les barri\u00e8res face au commerce continental.<\/p>\n<p class=\"c4\">Il a appel\u00e9, dans ce sens, \u00e0 renforcer et perp\u00e9tuer les contacts avec le secteur priv\u00e9 et la soci\u00e9t\u00e9 civile africains pour s\u2019informer de leurs aspirations en vue de les associer \u00e0 ce chantier d\u2019envergure et r\u00e9unir les garanties n\u00e9cessaires \u00e0 l\u2019essor \u00e9conomique et \u00e0 la promotion de l\u2019industrialisation du continent.<\/p>\n<p class=\"c4\">Le pr\u00e9sident \u00e9gyptien a plaid\u00e9 avec force pour une mise \u00e0 niveau de la chaine d\u2019infrastructures en Afrique, condition sine qua non pour l\u2019aboutissement de la ZLECA et partant, le d\u00e9veloppement \u00e9conomique p\u00e9renne.<\/p>\n<p class=\"c4\">Les yeux du monde entier sont riv\u00e9s sur l\u2019Afrique qui mat\u00e9rialise aujourd\u2019hui sa volont\u00e9 de se frayer un nouveau positionnement sur la cartographie \u00e9conomique internationale, a-t-il conclu.<\/p>\n<p class=\"c4\">Abondant dans le m\u00eame sens, le Pr\u00e9sident du Niger, Isoufou Mahamadou, a relev\u00e9 le caract\u00e8re \u201cimmense\u201d des opportunit\u00e9s commerciales d\u00e9coulant de l\u2019entr\u00e9e en vigueur effective de la ZLECA qui offrira un march\u00e9 de 1,2 de consommateurs aujourd\u2019hui et 2,5 milliards en 2050.<\/p>\n<p class=\"c4\">La r\u00e9alisation de tous les projets inh\u00e9rents \u00e0 cet accord permettra d\u2019\u00e9lever le niveau des exportations intra-africaines estim\u00e9es \u00e0 moins de 15%, alors que celles intra-europ\u00e9ennes, intra-asiatiques et intra-latino-am\u00e9ricaines repr\u00e9sentent respectivement 70%, 50% et 21%, a-t-il enchain\u00e9.<\/p>\n<p class=\"c4\">M\u00eame son de cloche chez la Secr\u00e9taire g\u00e9n\u00e9rale adjointe des Nations unies, Amina Mohamed. Pour la haute responsable onusienne, la ZLECA, au-del\u00e0 de ses retomb\u00e9es \u00e9conomiques incontest\u00e9es, renvoie une belle image de la volont\u00e9 commune des pays africains de r\u00e9aliser la vision port\u00e9e par l\u2019Agenda 2063 de l\u2019UA et l\u2019Agenda 2030 du d\u00e9veloppement durable.<\/p>\n<p class=\"c4\">C\u2019est aussi, pour elle, un m\u00e9canisme \u00e0 m\u00eame de donner un coup d\u2019acc\u00e9l\u00e9rateur \u00e0 l\u2019innovation au niveau du continent, de stimuler la croissance et de transformer les \u00e9conomies africaines.<\/p>\n<p class=\"c4\">Comme fi\u00e8rement soulign\u00e9 par les chefs d\u2019Etat et de gouvernement africains, la ZLECA, de par sa dimension int\u00e9grationniste et ses retomb\u00e9es salutaires, se propose d\u2019offrir un cadre p\u00e9renne qui permettra \u00e0 l\u2019Afrique d\u2019acter son \u00e9mancipation \u00e9conomique et commerciale et d\u2019entrevoir son avenir en toute s\u00e9r\u00e9nit\u00e9 et confiance.<\/p>\n<p class=\"c5\">ES de la MAP: <strong>Otmane Elmibrak<\/strong> et <strong>Mohamed Bouzakri<\/strong><\/p>\n<p>Auteur: rahal mehamed<br \/>\n<a href=\"http:\/\/albayane.press.ma\/fierte-et-optimisme-a-niamey.html\">Cliquez ici pour lire l&rsquo;article depuis sa source.<\/a><\/p>\n","protected":false},"excerpt":{"rendered":"<p>C\u2019est un message de fiert\u00e9, d\u2019optimisme et d\u2019aspiration que les leaders africains ont lanc\u00e9, dimanche \u00e0 Niamey, \u00e0 l\u2019ouverture du 12\u00e8me Sommet extraordinaire de l\u2019Union africaine (UA), exclusivement consacr\u00e9 au lancement officiel de la Zone de libre-\u00e9change continentale africaine (ZLECA). Tour \u00e0 tour, les chefs d\u2019Etat et de gouvernement africains se sont f\u00e9licit\u00e9s de la [&hellip;]<\/p>\n","protected":false},"author":1760,"featured_media":0,"comment_status":"closed","ping_status":"closed","sticky":false,"template":"","format":"standard","meta":{"fifu_image_url":"","fifu_image_alt":"","footnotes":""},"categories":[73,54],"tags":[],"class_list":["post-45194","post","type-post","status-publish","format-standard","hentry","category-actualite","category-maroc"],"_links":{"self":[{"href":"https:\/\/linitiative.ca\/International\/wp-json\/wp\/v2\/posts\/45194","targetHints":{"allow":["GET"]}}],"collection":[{"href":"https:\/\/linitiative.ca\/International\/wp-json\/wp\/v2\/posts"}],"about":[{"href":"https:\/\/linitiative.ca\/International\/wp-json\/wp\/v2\/types\/post"}],"author":[{"embeddable":true,"href":"https:\/\/linitiative.ca\/International\/wp-json\/wp\/v2\/users\/1760"}],"replies":[{"embeddable":true,"href":"https:\/\/linitiative.ca\/International\/wp-json\/wp\/v2\/comments?post=45194"}],"version-history":[{"count":0,"href":"https:\/\/linitiative.ca\/International\/wp-json\/wp\/v2\/posts\/45194\/revisions"}],"wp:attachment":[{"href":"https:\/\/linitiative.ca\/International\/wp-json\/wp\/v2\/media?parent=45194"}],"wp:term":[{"taxonomy":"category","embeddable":true,"href":"https:\/\/linitiative.ca\/International\/wp-json\/wp\/v2\/categories?post=45194"},{"taxonomy":"post_tag","embeddable":true,"href":"https:\/\/linitiative.ca\/International\/wp-json\/wp\/v2\/tags?post=45194"}],"curies":[{"name":"wp","href":"https:\/\/api.w.org\/{rel}","templated":true}]}}