{"id":45212,"date":"2019-07-09T06:37:05","date_gmt":"2019-07-09T10:37:05","guid":{"rendered":"https:\/\/linitiative.ca\/International\/la-portugaise-du-fado-ines-linares-sublime-le-public\/"},"modified":"2019-07-09T06:37:05","modified_gmt":"2019-07-09T10:37:05","slug":"la-portugaise-du-fado-ines-linares-sublime-le-public","status":"publish","type":"post","link":"https:\/\/linitiative.ca\/International\/la-portugaise-du-fado-ines-linares-sublime-le-public\/","title":{"rendered":"La Portugaise du Fado, In\u00eas Linares sublime le public"},"content":{"rendered":"<div readability=\"42\">\n<p>Essaouira \u2013 L\u2019ic\u00f4ne montante du Fado, la portugaise In\u00eas Linares, a envo\u00fbt\u00e9 le public lors d\u2019une soir\u00e9e musicale organis\u00e9e, lundi \u00e0 Essaouira, dans le cadre de la 27\u00e8 \u00e9dition du Festival \u00ab\u00a0Sete Sois, Sete Luas\u00a0\u00bb (sept soleils, sept lunes), un \u00e9v\u00e9nement \u00e9clectique d\u00e9di\u00e9 \u00e0 mettre en relief l\u2019art contemporain et la musique de la M\u00e9diterran\u00e9e et du monde Lusophone.<\/p>\n<\/div>\n<div readability=\"150\">\n<p>Dans une ambiance bon enfant, In\u00eas Linares a convi\u00e9 g\u00e9n\u00e9reusement le public pr\u00e9sent \u00e0 Dar Souiri parmi les locaux et les h\u00f4tes de la cit\u00e9 des Aliz\u00e9s, \u00e0 prendre part \u00e0 un concert musical intimiste de toute beaut\u00e9 et sans microphones, le temps de chanter le Fado avec son corps, son coeur et son esprit en toute \u00e9l\u00e9gance et subtilit\u00e9.<\/p>\n<p>Accompagn\u00e9e dans cette merveilleuse aventure musicale par deux talentueux guitaristes, In\u00eas Linares a su imposer sa voix sublime et ses gestes synchronis\u00e9s, en parvenant \u00e0 les accorder, avec brio et \u00e0 la mani\u00e8re des grands professionnels, avec les sonorit\u00e9s et rythmes doux d\u00e9gag\u00e9s des guitares, en toute finesse.<\/p>\n<p>Avec son talent confirm\u00e9, In\u00eas Linares s\u2019impose, d\u00e9sormais, comme l\u2019une des nouvelles grandes voix du fado, sans fronti\u00e8res entre le traditionnel et le moderne, ressuscitant la vibration intense et m\u00e9lancolique de ce genre musical embl\u00e9matique.<\/p>\n<p>En renouant avec le Fado dans ses versions traditionnelle et moderne, In\u00eas Lunares a ainsi gratifi\u00e9 l\u2019assistance d\u2019un floril\u00e8ge de morceaux musicaux tir\u00e9s d\u2019un riche r\u00e9pertoire musical, ou r\u00e9pertori\u00e9s dans ses propres albums, offrant aux mordus des sonorit\u00e9s les plus embl\u00e9matiques, un fado tr\u00e8s vivant et d\u2019une grande effervescence et ce, pour le plaisir et la grande admiration de tous.<\/p>\n<p>Dans un mot introductif, Kaoutar Chakir Benamara, secr\u00e9taire g\u00e9n\u00e9rale de l\u2019Association Essaouira-Mogador, partenaire du Festival, a dit toute sa joie et sa fiert\u00e9 d\u2019accueillir, encore une fois, \u00e0 Essaouira ce prestigieux festival, avec des artistes talentueux, le temps de mettre en avant la richesse de la musique m\u00e9diterran\u00e9enne et du monde Lusophone, rappelant la singularit\u00e9 et l\u2019originalit\u00e9 du Fado en tant que genre musical portugais, constitu\u00e9 de chants populaires au th\u00e8me m\u00e9lancolique, accompagn\u00e9 d\u2019instruments \u00e0 cordes pinc\u00e9es.<\/p>\n<p>L\u2019un des moments forts de cette 27\u00e8 \u00e9dition du Festival \u00a0\u00bbSete Sois, Sete Luas\u00a0\u00bb a \u00e9t\u00e9 la r\u00e9alisation, le weekend dernier, \u00e0 proximit\u00e9 de Bab Seb\u00e2a d\u2019une fresque murale g\u00e9ante, sign\u00e9e des mains du grand street-artiste portugais, Hugo Pinhao (Nark).<\/p>\n<p>Avec cette nouvelle r\u00e9alisation picturale (Portrait) d\u2019un vieil homme, o\u00f9 sont pr\u00e9sentes \u00e9galement, la Sekkala du port et des barques de p\u00eache, la cit\u00e9 des Aliz\u00e9s a eu, encore une fois, le grand privil\u00e8ge et tout le m\u00e9rite de conforter sa vocation de v\u00e9ritable Mus\u00e9e \u00e0 ciel ouvert.<\/p>\n<p>C\u2019est dire que le street-art embellit toute une ville, et lui donne d\u00e9sormais, du style, du charme, et une identit\u00e9, ce qui laisse dire qu\u2019\u00e0 Essaouira, les artistes se livrent en toute libert\u00e9 au jeu des couleurs et des symboles, s\u2019\u00e9clatent et s\u2019expriment en toute aisance.<\/p>\n<p>Initi\u00e9 en partenariat avec l\u2019Association Essaouira-Mogador, ce festival qui se poursuit jusqu\u2019au 9 juillet, se fixe pour finalit\u00e9 de promouvoir le dialogue interculturel, la mobilit\u00e9 et le rassemblement d\u2019\u00e9nergies et de talents, afin de proposer chaque \u00e9t\u00e9 un programme \u00e9clectique et diversifi\u00e9.<\/p>\n<p>Le Festival \u00a0\u00bbSete Sois, Sete Luas\u00a0\u00bb est mis en oeuvre par un R\u00e9seau Culturel d\u2019une trentaine de villes d\u2019une dizaine de pays de la M\u00e9diterran\u00e9e et du monde lusophone \u00e0 savoir : le Br\u00e9sil, le Cap Vert, la Croatie, l\u2019Espagne, la France, l\u2019Italie, le Maroc, le Portugal, la Slov\u00e9nie et la Tunisie, rappelle-t-on.<\/p>\n<p>Pour cette nouvelle \u00e9dition, Essaouira accueille des vedettes internationales, des \u00e9toiles montantes et des artistes \u00e9mergents, dont \u00a0\u00bbOrkestra Popular des 7 Luas\u00a0\u00bb (Br\u00e9sil, Espagne, Guin\u00e9e Bissau, Italie, et Portugal) qui se produira mardi soir \u00e0 Dar Souiri, avec la participation du groupe \u00a0\u00bbOssoul Gnaoua\u00a0\u00bb.<\/p>\n<\/div>\n<p>Auteur: Meriem IGASS<br \/>\n<a href=\"http:\/\/www.mapmarrakech.ma\/fr\/licone-portugaise-du-fado-ines-linares-sublime-le-public\/\">Cliquez ici pour lire l&rsquo;article depuis sa source.<\/a><\/p>\n","protected":false},"excerpt":{"rendered":"<p>Essaouira \u2013 L\u2019ic\u00f4ne montante du Fado, la portugaise In\u00eas Linares, a envo\u00fbt\u00e9 le public lors d\u2019une soir\u00e9e musicale organis\u00e9e, lundi \u00e0 Essaouira, dans le cadre de la 27\u00e8 \u00e9dition du Festival \u00ab\u00a0Sete Sois, Sete Luas\u00a0\u00bb (sept soleils, sept lunes), un \u00e9v\u00e9nement \u00e9clectique d\u00e9di\u00e9 \u00e0 mettre en relief l\u2019art contemporain et la musique de la M\u00e9diterran\u00e9e [&hellip;]<\/p>\n","protected":false},"author":1788,"featured_media":0,"comment_status":"closed","ping_status":"closed","sticky":false,"template":"","format":"standard","meta":{"fifu_image_url":"","fifu_image_alt":"","footnotes":""},"categories":[54,76],"tags":[],"class_list":["post-45212","post","type-post","status-publish","format-standard","hentry","category-maroc","category-regions"],"_links":{"self":[{"href":"https:\/\/linitiative.ca\/International\/wp-json\/wp\/v2\/posts\/45212","targetHints":{"allow":["GET"]}}],"collection":[{"href":"https:\/\/linitiative.ca\/International\/wp-json\/wp\/v2\/posts"}],"about":[{"href":"https:\/\/linitiative.ca\/International\/wp-json\/wp\/v2\/types\/post"}],"author":[{"embeddable":true,"href":"https:\/\/linitiative.ca\/International\/wp-json\/wp\/v2\/users\/1788"}],"replies":[{"embeddable":true,"href":"https:\/\/linitiative.ca\/International\/wp-json\/wp\/v2\/comments?post=45212"}],"version-history":[{"count":0,"href":"https:\/\/linitiative.ca\/International\/wp-json\/wp\/v2\/posts\/45212\/revisions"}],"wp:attachment":[{"href":"https:\/\/linitiative.ca\/International\/wp-json\/wp\/v2\/media?parent=45212"}],"wp:term":[{"taxonomy":"category","embeddable":true,"href":"https:\/\/linitiative.ca\/International\/wp-json\/wp\/v2\/categories?post=45212"},{"taxonomy":"post_tag","embeddable":true,"href":"https:\/\/linitiative.ca\/International\/wp-json\/wp\/v2\/tags?post=45212"}],"curies":[{"name":"wp","href":"https:\/\/api.w.org\/{rel}","templated":true}]}}