{"id":45218,"date":"2019-07-09T06:59:46","date_gmt":"2019-07-09T10:59:46","guid":{"rendered":"https:\/\/linitiative.ca\/International\/le-wali-de-blida-met-fin-aux-fonctions-du-directeur-de-lade\/"},"modified":"2019-07-09T06:59:46","modified_gmt":"2019-07-09T10:59:46","slug":"le-wali-de-blida-met-fin-aux-fonctions-du-directeur-de-lade","status":"publish","type":"post","link":"https:\/\/linitiative.ca\/International\/le-wali-de-blida-met-fin-aux-fonctions-du-directeur-de-lade\/","title":{"rendered":"Le wali de Blida met fin aux fonctions du directeur de l&rsquo;ADE"},"content":{"rendered":"<div>\n<div class=\"K2FeedIntroText\">\n<p>BLIDA- Le wali de Blida, Youcef Chorfa, a mis fin lundi aux fonctions du Directeur de l&rsquo;Alg\u00e9rienne des eaux (ADE-Unit\u00e9 de Blida), suite aux pannes r\u00e9currentes ayant caus\u00e9 une perturbation dans la distribution de l&rsquo;eau potable, a-t-on appris aupr\u00e8s des services de la wilaya.<\/p>\n<\/div>\n<div class=\"K2FeedFullText\">\n<p>En ex\u00e9cution des instructions du wali visant \u00e0 assurer la continuit\u00e9 du service public, le Secr\u00e9taire g\u00e9n\u00e9ral de la wilaya, Kamel-Eddine Kerbouche, accompagn\u00e9 du Directeur des ressources en eaux de la wilaya, a effectu\u00e9 une visite sur le terrain pour s&rsquo;enqu\u00e9rir du travail des \u00e9quipes d&rsquo;intervention et de maintenance charg\u00e9es de la r\u00e9paration des pannes techniques au niveau<\/p>\n<p>de plusieurs puits, suivies d&rsquo;une perturbation dans la distribution de l&rsquo;eau potable et il a \u00e9t\u00e9 d\u00e9cid\u00e9, dans le cadre de la pr\u00e9servation de la p\u00e9rennit\u00e9 du service public et le bien-\u00eatre des citoyens, de mettre fin aux fonctions du directeur de l&rsquo;ADE de la wilaya de Blida, Dhoubi Ahmed.<\/p>\n<p>Le wali de Blida a affirm\u00e9 \u00e0 maintes reprises et durant ses sorties sur le terrain qu&rsquo;il mettra fin au probl\u00e8me de perturbation de l&rsquo;approvisionnement en eau potable qui se r\u00e9p\u00e8te en cette p\u00e9riode de l&rsquo;\u00e9t\u00e9.<\/p>\n<p>Les habitants de plusieurs cit\u00e9s de la ville de Blida, \u00e0 l&rsquo;image de Ramoul et Bab Khouikha, ainsi que des cit\u00e9s des communes est de la wilaya, telles que Bouinan, Meftah, Larbaa, se sont plaints de la coupure de l&rsquo;alimentation en eau potable apr\u00e8s avoir protest\u00e9 contre cette situation par la fermeture des routes.<\/p>\n<p>L&rsquo;Alg\u00e9rienne des eaux a recouru au syst\u00e8me d&rsquo;approvisionnement provisoire en eau au niveau des communes de Blida et Ouled Yaich, en alimentant ses clients une fois tous les deux jours au lieu de l&rsquo;approvisionnement quotidien en vigueur en raison des pannes survenues r\u00e9cemment.<\/p>\n<\/div>\n<\/div>\n<p>Auteur:<br \/>\n<a href=\"http:\/\/www.aps.dz\/regions\/91628-le-wali-de-blida-met-fin-aux-fonctions-du-directeur-de-l-ade\">Cliquez ici pour lire l&rsquo;article depuis sa source.<\/a><\/p>\n","protected":false},"excerpt":{"rendered":"<p>BLIDA- Le wali de Blida, Youcef Chorfa, a mis fin lundi aux fonctions du Directeur de l&rsquo;Alg\u00e9rienne des eaux (ADE-Unit\u00e9 de Blida), suite aux pannes r\u00e9currentes ayant caus\u00e9 une perturbation dans la distribution de l&rsquo;eau potable, a-t-on appris aupr\u00e8s des services de la wilaya. En ex\u00e9cution des instructions du wali visant \u00e0 assurer la continuit\u00e9 [&hellip;]<\/p>\n","protected":false},"author":1790,"featured_media":0,"comment_status":"closed","ping_status":"closed","sticky":false,"template":"","format":"standard","meta":{"fifu_image_url":"","fifu_image_alt":"","footnotes":""},"categories":[53,76],"tags":[],"class_list":["post-45218","post","type-post","status-publish","format-standard","hentry","category-algerie","category-regions"],"_links":{"self":[{"href":"https:\/\/linitiative.ca\/International\/wp-json\/wp\/v2\/posts\/45218","targetHints":{"allow":["GET"]}}],"collection":[{"href":"https:\/\/linitiative.ca\/International\/wp-json\/wp\/v2\/posts"}],"about":[{"href":"https:\/\/linitiative.ca\/International\/wp-json\/wp\/v2\/types\/post"}],"author":[{"embeddable":true,"href":"https:\/\/linitiative.ca\/International\/wp-json\/wp\/v2\/users\/1790"}],"replies":[{"embeddable":true,"href":"https:\/\/linitiative.ca\/International\/wp-json\/wp\/v2\/comments?post=45218"}],"version-history":[{"count":0,"href":"https:\/\/linitiative.ca\/International\/wp-json\/wp\/v2\/posts\/45218\/revisions"}],"wp:attachment":[{"href":"https:\/\/linitiative.ca\/International\/wp-json\/wp\/v2\/media?parent=45218"}],"wp:term":[{"taxonomy":"category","embeddable":true,"href":"https:\/\/linitiative.ca\/International\/wp-json\/wp\/v2\/categories?post=45218"},{"taxonomy":"post_tag","embeddable":true,"href":"https:\/\/linitiative.ca\/International\/wp-json\/wp\/v2\/tags?post=45218"}],"curies":[{"name":"wp","href":"https:\/\/api.w.org\/{rel}","templated":true}]}}