{"id":45227,"date":"2019-07-08T18:34:24","date_gmt":"2019-07-08T22:34:24","guid":{"rendered":"https:\/\/linitiative.ca\/International\/ouverture-a-saidia-du-11eme-salon-regional-du-livre\/"},"modified":"2019-07-08T18:34:24","modified_gmt":"2019-07-08T22:34:24","slug":"ouverture-a-saidia-du-11eme-salon-regional-du-livre","status":"publish","type":"post","link":"https:\/\/linitiative.ca\/International\/ouverture-a-saidia-du-11eme-salon-regional-du-livre\/","title":{"rendered":"Ouverture \u00e0 Sa\u00efdia du 11\u00e8me Salon r\u00e9gional du livre"},"content":{"rendered":"<div readability=\"36\">\n<p>La Ville de Sa\u00efdia a abrit\u00e9, lundi soir, la c\u00e9r\u00e9monie d\u2019ouverture de la 11\u00e8me \u00e9dition du Salon r\u00e9gional du livre qui se tient \u00e0 l\u2019initiative du minist\u00e8re de la Culture et de la communication -secteur de la Culture- jusqu\u2019au 14 juillet courant.<\/p>\n<\/div>\n<div readability=\"105\">\n<p>Cette manifestation, dont la c\u00e9r\u00e9monie d\u2019ouverture s\u2019est d\u00e9roul\u00e9e en pr\u00e9sence notamment du gouverneur de la province de Berkane, Ali Habouha, conna\u00eet la participation d\u2019exposants repr\u00e9sentant des maisons d\u2019\u00e9dition nationales et r\u00e9gionales, de librairies locales et d\u2019associations actives dans le domaine de la culture et de la cr\u00e9ativit\u00e9, en sus de stands d\u00e9di\u00e9s \u00e0 des institutions publiques.<\/p>\n<p>Le directeur r\u00e9gional de la Culture dans l\u2019Oriental, Mountassir Loukili a fait savoir que ce Salon qui se tient autour du th\u00e8me \u00ab\u00a0Le livre et la mer \u2026 le plaisir de l\u2019exploration\u00a0\u00bb, se situe dans le cadre des efforts du minist\u00e8re de la Culture visant \u00e0 soutenir et \u00e0 promouvoir le livre et \u00e0 encourager la lecture dans diff\u00e9rents milieux et aupr\u00e8s de toutes les cat\u00e9gories.<\/p>\n<p>Il a ajout\u00e9 dans une d\u00e9claration \u00e0 la MAP que le choix de la ville de Sa\u00efdia pour abriter cette 11\u00e8me \u00e9dition est dict\u00e9 par la volont\u00e9 d\u2019enrichir le programme culturel et artistique estival dans la \u00ab\u00a0Perle bleue\u00a0\u00bb et d\u2019encourager les estivants \u00e0 la lecture.<\/p>\n<p>En parall\u00e8le avec l\u2019exposition de livres, cette \u00e9dition, anim\u00e9e par plusieurs \u00e9diteurs, intellectuels, \u00e9crivains et artistes, comprend \u00e9galement des colloques, des ateliers et des activit\u00e9s artistiques, en plus de rencontres de signature d\u2019un nombre d\u2019ouvrages, notamment des recueils de po\u00e9sie, des romans et des recueils de nouvelles.<\/p>\n<p>Des participants \u00e0 ce Salon ont salu\u00e9 hautement cette initiative qui associe le plaisir des vacances sur la plage de Sa\u00efdia \u00e0 celui de la lecture.<\/p>\n<p><img class=\"wp-image-13160 aligncenter\" data-src=\"http:\/\/www.mapoujda.ma\/map\/uploads\/2019\/07\/Le-salon-r\u00e9gional-du-livre-de-saidia-M750\u00d7430-1.jpg\" alt=\"\" width=\"523\" height=\"300\" srcset=\"http:\/\/www.mapoujda.ma\/map\/uploads\/2019\/07\/Le-salon-r\u00e9gional-du-livre-de-saidia-M750\u00d7430-1.jpg 750w, http:\/\/www.mapoujda.ma\/map\/uploads\/2019\/07\/Le-salon-r\u00e9gional-du-livre-de-saidia-M750\u00d7430-1-300x172.jpg 300w\" sizes=\"(max-width: 523px) 100vw, 523px\"\/><\/p>\n<p>Pour Lamiae Lahmami, une exposante venue de Tanger, cette exp\u00e9rience agr\u00e9able et enrichissante permet aux estivants de profiter de la fra\u00eecheur de la mer tout en s\u2019adonnant aux plaisirs de la lecture et de la d\u00e9couverte.<\/p>\n<p>Cet \u00e9v\u00e9nement propose, en effet, un programme culturel diversifi\u00e9, notamment une exposition d\u2019art plastique, des soir\u00e9es po\u00e9tiques et des ateliers th\u00e9matiques, dont un atelier d\u00e9di\u00e9 aux enfants et d\u2019autres d\u00e9di\u00e9s au dessin et au cin\u00e9ma.<\/p>\n<p>De m\u00eame, des \u00e9crivains et critiques litt\u00e9raires de la r\u00e9gion de l\u2019Oriental animeront un colloque pour examiner l\u2019\u00e9tat des lieux de la cr\u00e9ation litt\u00e9raire dans cette r\u00e9gion, en particulier dans la po\u00e9sie, le roman, la nouvelle et le th\u00e9\u00e2tre.<\/p>\n<p>Le programme concoct\u00e9 pour cette \u00e9dition pr\u00e9voit un colloque sur le th\u00e8me \u00ab\u00a0La province de Berkane : d\u00e9couvertes arch\u00e9ologiques et enjeux du d\u00e9veloppement\u00a0\u00bb et bien d\u2019autres activit\u00e9s culturelles et artistiques.<\/p>\n<p>Cette manifestation est organis\u00e9e avec l\u2019appui de la Direction du livre, des biblioth\u00e8ques et des archives (minist\u00e8re de la Culture), en partenariat avec la Wilaya de l\u2019Oriental, la pr\u00e9fecture de la province de Berkane, la commune de Sa\u00efdia, et en coop\u00e9ration avec le Conseil r\u00e9gional et l\u2019Agence de d\u00e9veloppement de l\u2019Oriental.<\/p>\n<\/div>\n<p>Auteur: Soufiane ELAHMAR<br \/>\n<a href=\"http:\/\/www.mapoujda.ma\/fr\/ouverture-a-saidia-du-11eme-salon-regional-du-livre\/\">Cliquez ici pour lire l&rsquo;article depuis sa source.<\/a><\/p>\n","protected":false},"excerpt":{"rendered":"<p>La Ville de Sa\u00efdia a abrit\u00e9, lundi soir, la c\u00e9r\u00e9monie d\u2019ouverture de la 11\u00e8me \u00e9dition du Salon r\u00e9gional du livre qui se tient \u00e0 l\u2019initiative du minist\u00e8re de la Culture et de la communication -secteur de la Culture- jusqu\u2019au 14 juillet courant. Cette manifestation, dont la c\u00e9r\u00e9monie d\u2019ouverture s\u2019est d\u00e9roul\u00e9e en pr\u00e9sence notamment du gouverneur [&hellip;]<\/p>\n","protected":false},"author":1788,"featured_media":45228,"comment_status":"closed","ping_status":"closed","sticky":false,"template":"","format":"standard","meta":{"fifu_image_url":"","fifu_image_alt":"","footnotes":""},"categories":[54,76],"tags":[],"class_list":["post-45227","post","type-post","status-publish","format-standard","has-post-thumbnail","hentry","category-maroc","category-regions"],"_links":{"self":[{"href":"https:\/\/linitiative.ca\/International\/wp-json\/wp\/v2\/posts\/45227","targetHints":{"allow":["GET"]}}],"collection":[{"href":"https:\/\/linitiative.ca\/International\/wp-json\/wp\/v2\/posts"}],"about":[{"href":"https:\/\/linitiative.ca\/International\/wp-json\/wp\/v2\/types\/post"}],"author":[{"embeddable":true,"href":"https:\/\/linitiative.ca\/International\/wp-json\/wp\/v2\/users\/1788"}],"replies":[{"embeddable":true,"href":"https:\/\/linitiative.ca\/International\/wp-json\/wp\/v2\/comments?post=45227"}],"version-history":[{"count":0,"href":"https:\/\/linitiative.ca\/International\/wp-json\/wp\/v2\/posts\/45227\/revisions"}],"wp:featuredmedia":[{"embeddable":true,"href":"https:\/\/linitiative.ca\/International\/wp-json\/"}],"wp:attachment":[{"href":"https:\/\/linitiative.ca\/International\/wp-json\/wp\/v2\/media?parent=45227"}],"wp:term":[{"taxonomy":"category","embeddable":true,"href":"https:\/\/linitiative.ca\/International\/wp-json\/wp\/v2\/categories?post=45227"},{"taxonomy":"post_tag","embeddable":true,"href":"https:\/\/linitiative.ca\/International\/wp-json\/wp\/v2\/tags?post=45227"}],"curies":[{"name":"wp","href":"https:\/\/api.w.org\/{rel}","templated":true}]}}