{"id":45248,"date":"2019-07-09T15:14:29","date_gmt":"2019-07-09T19:14:29","guid":{"rendered":"https:\/\/linitiative.ca\/International\/ligue-1-2-jsk-les-canaris-des-aujourdhui-a-evian\/"},"modified":"2019-07-09T15:14:29","modified_gmt":"2019-07-09T19:14:29","slug":"ligue-1-2-jsk-les-canaris-des-aujourdhui-a-evian","status":"publish","type":"post","link":"https:\/\/linitiative.ca\/International\/ligue-1-2-jsk-les-canaris-des-aujourdhui-a-evian\/","title":{"rendered":"Ligue 1 &amp; 2 : JSK: Les Canaris d\u00e8s aujourd\u2019hui \u00e0 \u00c9vian"},"content":{"rendered":"<div readability=\"32\">\n<p>Auteur : <span>Sa\u00efd D.<\/span> <span class=\"time\">mardi 09 juillet 2019 11:40<\/span><\/p>\n<\/div>\n<div id=\"post_core\" readability=\"81\">\n<p>Apr\u00e8s un cong\u00e9 bien m\u00e9rit\u00e9, les joueurs de la JSK ont \u00e9t\u00e9 appel\u00e9s \u00e0 reprendre le travail, lundi dernier, dans le village de Zekri en haute Kabylie. La direction a opt\u00e9 cette fois-ci pour un endroit loin de la ville et ce, pour permettre aux joueurs de rester concentr\u00e9s et de bien profiter de chaque entra\u00eenement. Le moins que l\u2019on puisse dire est que les co\u00e9quipiers de Bench\u00e9rifa ont appliqu\u00e9 \u00e0 la lettre le programme qui leur a \u00e9t\u00e9 impos\u00e9 durant une semaine. Les r\u00e9sultats des tests physiques ont \u00e9t\u00e9 tellement satisfaisants que le coach Velud s\u2019est dit heureux de tout ce qu\u2019a \u00e9t\u00e9 accompli jusqu\u2019\u00e0 pr\u00e9sent. Et c\u2019est dimanche matin que les joueurs ont \u00e9t\u00e9 autoris\u00e9s \u00e0 rentrer chez eux pour une journ\u00e9e de repos puisque l\u2019\u00e9quipe s\u2019envolera ce matin \u00e0 destination d\u2019\u00c9vian pour le deuxi\u00e8me stage de pr\u00e9paration qui s\u2019\u00e9talera du 9 au 25 juillet. Une pr\u00e9paration qui sera ax\u00e9e essentiellement sur le volet technique et tactique puisque au moins quatre rencontres amicales seront organis\u00e9es. Ce qui devrait permettre aux joueurs de prouver leur qualit\u00e9 et de relancer la concurrence dans tous les compartiments.<\/p>\n<p><strong>D\u00e9part de Tizi-Ouzou \u00e0 6h30<\/strong><br \/>Avant de quitter l\u2019h\u00f4tel Talvent \u00e0 Zekri, le pr\u00e9sident Mellal a r\u00e9uni tous les joueurs pour les remercier des efforts fournis. Il leur a d\u2019abord exig\u00e9 de continuer sur la lanc\u00e9e et travailler d\u2019arrache-pied durant le second stage. Avant de les lib\u00e9rer, les dirigeants ont fait savoir au groupe que le d\u00e9part vers l\u2019a\u00e9roport a \u00e9t\u00e9 fix\u00e9 \u00e0 6h30 du matin et ce, pour que la d\u00e9l\u00e9gation arrive \u00e0 temps \u00e0 la capitale.<\/p>\n<p><strong>Le vol Alger \u2013 Gen\u00e8ve \u00e0 11h45<\/strong><br \/>Pour ce qui est du vol Alger-Gen\u00e8ve, l\u2019\u00e9quipe sera appel\u00e9e \u00e0 embarquer vers les coups de 10h30 puisque l\u2019avion devrait d\u00e9coller \u00e0 11h45. Apr\u00e8s deux heures de vol, les joueurs arriveront vers 15h \u00e0 Gen\u00e8ve. Une fois \u00e0 l\u2019ext\u00e9rieur, le bus du club, qui est d\u00e9j\u00e0 sur place, conduira le groupe \u00e0 leur lieu de r\u00e9sidence. \u00c0 rappeler que la ville d\u2019\u00c9vian se situe \u00e0 environ 45 kilom\u00e8tres de de la Suisse.<\/p>\n<p><strong>S\u00e9ance de d\u00e9crassage au programme<\/strong><br \/>Une fois sur place et m\u00eame si aucun programme n\u2019a \u00e9t\u00e9 encore d\u00e9voil\u00e9, il se pourrait que le coach Velud mette en place une l\u00e9g\u00e8re s\u00e9ance de d\u00e9crassage puisque les choses s\u00e9rieuses commenceront d\u00e8s demain matin.<\/p>\n<p><strong>Les visas r\u00e9cup\u00e9r\u00e9s hier matin<\/strong><br \/>Comme pr\u00e9vu, c\u2019est hier apr\u00e8s-midi que le secr\u00e9taire de la JSK, Lounes Amrani, a ralli\u00e9 la capitale pour r\u00e9cup\u00e9rer les passeports. Il a en effet re\u00e7u un message de la part de VFS pour se pr\u00e9senter en fin de matin\u00e9e afin de r\u00e9cup\u00e9rer les visas. Au moment o\u00f9 nous mettons sous presse, seul Boukhanchouche n\u2019accompagnera pas l\u2019\u00e9quipe, lui qui a d\u00e9cid\u00e9 de jouer en Tunisie.<\/p>\n<p><strong>La JSK jouera son premier match amical le 13 juillet \u00e0 Annecy<\/strong><br \/>Pour ce qui est des matchs amicaux, les Canaris d\u00e9fieront le FC Annecy le 13 juillet prochain \u00e0 Annecy. Le coach Velud devrait donner la chance \u00e0 tous les joueurs et ce, pour avoir une id\u00e9e pr\u00e9cise sur le rendement de chaque \u00e9l\u00e9ment.<\/p>\n<p><strong>Publi\u00e9 dans :<\/strong> <span>JSK<\/span> <span>Amrani<\/span> <span>Evian<\/span> <span>Boukhanchouche<\/span><\/p>\n<\/div>\n<p>Auteur:<br \/>\n<a href=\"http:\/\/www.lebuteur.com\/article\/detail?titre=jsk-les-canaris-des-aujourdhui-a-evian&#038;id=90193&#038;utm_source=feedburner&#038;utm_medium=feed&#038;utm_campaign=Feed%3A+GalerieFArtciles+%28Les+derniers+articles++-+lebuteur.com%29\">Cliquez ici pour lire l&rsquo;article depuis sa source.<\/a><\/p>\n","protected":false},"excerpt":{"rendered":"<p>Auteur : Sa\u00efd D. mardi 09 juillet 2019 11:40 Apr\u00e8s un cong\u00e9 bien m\u00e9rit\u00e9, les joueurs de la JSK ont \u00e9t\u00e9 appel\u00e9s \u00e0 reprendre le travail, lundi dernier, dans le village de Zekri en haute Kabylie. La direction a opt\u00e9 cette fois-ci pour un endroit loin de la ville et ce, pour permettre aux joueurs [&hellip;]<\/p>\n","protected":false},"author":1738,"featured_media":45249,"comment_status":"closed","ping_status":"closed","sticky":false,"template":"","format":"standard","meta":{"fifu_image_url":"","fifu_image_alt":"","footnotes":""},"categories":[53,75],"tags":[],"class_list":["post-45248","post","type-post","status-publish","format-standard","has-post-thumbnail","hentry","category-algerie","category-sport"],"_links":{"self":[{"href":"https:\/\/linitiative.ca\/International\/wp-json\/wp\/v2\/posts\/45248","targetHints":{"allow":["GET"]}}],"collection":[{"href":"https:\/\/linitiative.ca\/International\/wp-json\/wp\/v2\/posts"}],"about":[{"href":"https:\/\/linitiative.ca\/International\/wp-json\/wp\/v2\/types\/post"}],"author":[{"embeddable":true,"href":"https:\/\/linitiative.ca\/International\/wp-json\/wp\/v2\/users\/1738"}],"replies":[{"embeddable":true,"href":"https:\/\/linitiative.ca\/International\/wp-json\/wp\/v2\/comments?post=45248"}],"version-history":[{"count":0,"href":"https:\/\/linitiative.ca\/International\/wp-json\/wp\/v2\/posts\/45248\/revisions"}],"wp:featuredmedia":[{"embeddable":true,"href":"https:\/\/linitiative.ca\/International\/wp-json\/"}],"wp:attachment":[{"href":"https:\/\/linitiative.ca\/International\/wp-json\/wp\/v2\/media?parent=45248"}],"wp:term":[{"taxonomy":"category","embeddable":true,"href":"https:\/\/linitiative.ca\/International\/wp-json\/wp\/v2\/categories?post=45248"},{"taxonomy":"post_tag","embeddable":true,"href":"https:\/\/linitiative.ca\/International\/wp-json\/wp\/v2\/tags?post=45248"}],"curies":[{"name":"wp","href":"https:\/\/api.w.org\/{rel}","templated":true}]}}