{"id":45252,"date":"2019-07-09T15:14:31","date_gmt":"2019-07-09T19:14:31","guid":{"rendered":"https:\/\/linitiative.ca\/International\/ligue-1-2-nahd-bouchair-file-a-lusma\/"},"modified":"2019-07-09T15:14:31","modified_gmt":"2019-07-09T19:14:31","slug":"ligue-1-2-nahd-bouchair-file-a-lusma","status":"publish","type":"post","link":"https:\/\/linitiative.ca\/International\/ligue-1-2-nahd-bouchair-file-a-lusma\/","title":{"rendered":"Ligue 1 &amp; 2 : NAHD: Bouchair file \u00e0 l\u2019USMA"},"content":{"rendered":"<div readability=\"32\">\n<p>Auteur : <span>Rachid C.<\/span> <span class=\"time\">mardi 09 juillet 2019 11:40<\/span><\/p>\n<\/div>\n<div id=\"post_core\" readability=\"75\">\n<p>Le d\u00e9sormais ex-portier du Nasria Farid Bouchair vient de signer son premier contrat professionnel, il sera li\u00e9 avec les Rouge et Noir jusqu\u2019au mois de juillet 2022. Ag\u00e9 tout juste de vingt ans, une source proche de ce dossier nous a confi\u00e9 qu\u2019il \u00e9voluera dans un premier temps avec les r\u00e9servistes. Promis \u00e0 un bel avenir, le gardien de but devra donc faire ses preuves avec les U21 avant d\u2019esp\u00e9rer int\u00e9grer l\u2019\u00e9quipe premi\u00e8re. Une mission qui s\u2019annonce difficile mais pas impossible vu ses qualit\u00e9s et la grande marge de progression qu\u2019il dispose.<br \/><strong>Il a \u00e9t\u00e9 convoqu\u00e9 \u00e0 trois reprises avec l\u2019\u00e9quipe premi\u00e8re<\/strong><br \/>Pour ceux qui ont la m\u00e9moire courte, Farid Bouchair a \u00e9t\u00e9 convoqu\u00e9 \u00e0 trois reprise avec l\u2019\u00e9quipe premi\u00e8re lors du pr\u00e9c\u00e9dent exercice. Priv\u00e9s des services de Gaya Merbah bless\u00e9 et Zakaria Bouhelfaya qui avait boycott\u00e9 l\u2019\u00e9quipe, Mohamed Lacet a \u00e9t\u00e9 oblig\u00e9 de faire appel au keeper de l\u2019\u00e9quipe r\u00e9serve \u00e0 l\u2019\u00e9poque pour compl\u00e9ter la liste des 18. C\u2019\u00e9tait lors des trois derni\u00e8res journ\u00e9es du championnat contre l\u2019Olympique de M\u00e9d\u00e9a, le JSK et le MCO.<br \/><strong>Il voulait relever un autre challenge<\/strong><br \/>\u00a0Consid\u00e9r\u00e9 comme l\u2019avenir des Sang et Or, Farid Bouchair devait remplacer Kheireddine Boussouf qui est proche de s\u2019engager avec un club Saoudien et faire partie avec Gaya Merbah et Zakaria Bouhelfaya des trois gardiens de but nahdistes, mais l\u2019offre arriv\u00e9e en provenance de l\u2019USMA l\u2019a pouss\u00e9 \u00e0 changer d\u2019avis. Encore jeune, le keeper avait confi\u00e9 \u00e0 ses proches que c\u2019\u00e9tait le moment pour lui de changer d\u2019air et d\u00e9couvrir un nouveau challenge.\u00a0 \u00a0<br \/><strong>Les n\u00e9gociations n\u2019ont dur\u00e9 que quelques heures<\/strong><br \/>Contrairement \u00e0 Abdallah Nacef, Zineddine Boutmane et les autres, Farid Bouchair ne faisait pas partie des \u00e9l\u00e9ments qui ont \u00e9t\u00e9 blind\u00e9s au milieu du pr\u00e9c\u00e9dent exercice. Libre de tout engagement, il pouvait s\u2019engager avec n\u2019importe quelle \u00e9quipe de son choix et cela sans passer par la direction husseind\u00e9enne. Tr\u00e8s s\u00e9duit par la proposition formul\u00e9e par les Usmistes, il n\u2019a pas tard\u00e9 \u00e0 donner son accord de principe. D\u2019apr\u00e8s une source proche de ce dossier, les n\u00e9gociations n\u2019ont dur\u00e9 que quelques heures. D\u2019accord sur tous les points, les deux parties se sont donn\u00e9 un nouveau rendez vous afin de joindre l\u2019acte \u00e0 la parole.\u00a0 \u00a0<br \/><strong>Le Nasria perd un autre jeune<\/strong><br \/>Apr\u00e8s le d\u00e9fenseur central qui a opt\u00e9 pour le Mouloudia, les deux \u00e9l\u00e9ments de la cat\u00e9gorie U17 qui se sont engag\u00e9s au profit du CRB et le gardien de but de la cat\u00e9gorie U14 qui a rejoint le Paradou AC, les Sang et Or viennent de perdre les services d\u2019un autre jeune promis \u00e0 un bel avenir. Un coup dur pour ce club formateur qui voit ses p\u00e9pites partir l\u2019une apr\u00e8s l\u2019autre sans pouvoir les retenir \u00e0 cause des probl\u00e8mes administratifs.<\/p>\n<p><strong>Ould Zmirli et Lahlou \u00e9taient hier chez le notaire<\/strong><\/p>\n<p>Le d\u00e9sormais ex-pr\u00e9sident du Nasria, Mahfoud Ould Zmirli, et l\u2019ancien pr\u00e9sident du club sportif amateur, Mourad Lahlou, se sont rendus hier apr\u00e8s midi chez le notaire afin de rencontrer les membres du comit\u00e9 de supporters et leur prouver qu\u2019ils sont bel et bien d\u00e9missionnaires et que tous les documents ont \u00e9t\u00e9 remis pour faciliter la t\u00e2che du soi-disant nouveau repreneur. Pour rappel, cette r\u00e9union devait avoir lieu avant-hier avant d\u2019\u00eatre annul\u00e9 au dernier moment pour des raisons qui ne nous ont pas \u00e9t\u00e9 d\u00e9voil\u00e9es.<br \/><strong>Ils ont mis les points sur les i<\/strong><br \/>Point\u00e9s du doigt et d\u00e9sign\u00e9s comme les premiers responsables de la crise que le Nasria traverse depuis maintenant plusieurs semaines, Mahfoud Ould Zmlirli et Mourad Lahlou ont profit\u00e9 de la pr\u00e9sence des repr\u00e9sentants du comit\u00e9 de supporters pour mettre au clair. D\u2019apr\u00e8s une source proche de ce dossier, ils ont pr\u00e9sent\u00e9 tous les documents et ont fait savoir aux pr\u00e9sents qu\u2019ils attendent toujours \u00e0 ce qu\u2019un investisseur ou une soci\u00e9t\u00e9 nationale manifeste son int\u00e9r\u00eat pour leur c\u00e9der le club. \u00a0<br \/><strong>L\u2019assembl\u00e9e g\u00e9n\u00e9rale a eu lieu hier soir<\/strong><br \/>Press\u00e9 par le temps, les Husseind\u00e9ens avaient d\u00e9cid\u00e9 d\u2019installer un directoire qui g\u00e9rera cette p\u00e9riode transitoire. Selon nos informations, c\u2019est hier soir que l\u2019assembl\u00e9e g\u00e9n\u00e9rale a eu lieu. En plus des anciens pr\u00e9sidents de la SSPA et du CSA, des repr\u00e9sentants du comit\u00e9 de supporters et d\u2019autres actionnaires devaient \u00eatre pr\u00e9sents. \u00a0<br \/><strong>Le directoire va enfin entamer sa mission<\/strong><br \/>Comme nous l\u2019avons annonc\u00e9 lors de nos pr\u00e9c\u00e9dentes \u00e9ditons, un directoire compos\u00e9 de Kamel Saoudi, un membre du comit\u00e9 de supporters, des ultras et quatre autres personnes ont \u00e9t\u00e9 d\u00e9sign\u00e9s pour g\u00e9rer cette p\u00e9riode transitoire. Ayant probablement tout r\u00e9gler lors de l\u2019assembl\u00e9e g\u00e9n\u00e9rale qui s\u2019est d\u00e9roul\u00e9e hier soir, c\u2019est probablement lors des prochaines heures que les membres d\u00e9sign\u00e9s vont entamer leur mission. Une nouvelle qui devra certainement soulag\u00e9s les supporters qui ont suivis l\u2019\u00e9volution des choses avec un grand int\u00e9r\u00eat.<br \/>\u00a0<\/p>\n<p><strong>Publi\u00e9 dans :<\/strong> <span>Nahd<\/span> <span>Ould Zmirli et Lahlou<\/span><\/p>\n<\/div>\n<p>Auteur:<br \/>\n<a href=\"http:\/\/www.lebuteur.com\/article\/detail?titre=nahd-bouchair-file-a-lusma&#038;id=90191&#038;utm_source=feedburner&#038;utm_medium=feed&#038;utm_campaign=Feed%3A+GalerieFArtciles+%28Les+derniers+articles++-+lebuteur.com%29\">Cliquez ici pour lire l&rsquo;article depuis sa source.<\/a><\/p>\n","protected":false},"excerpt":{"rendered":"<p>Auteur : Rachid C. mardi 09 juillet 2019 11:40 Le d\u00e9sormais ex-portier du Nasria Farid Bouchair vient de signer son premier contrat professionnel, il sera li\u00e9 avec les Rouge et Noir jusqu\u2019au mois de juillet 2022. Ag\u00e9 tout juste de vingt ans, une source proche de ce dossier nous a confi\u00e9 qu\u2019il \u00e9voluera dans un [&hellip;]<\/p>\n","protected":false},"author":1738,"featured_media":45253,"comment_status":"closed","ping_status":"closed","sticky":false,"template":"","format":"standard","meta":{"fifu_image_url":"","fifu_image_alt":"","footnotes":""},"categories":[53,75],"tags":[],"class_list":["post-45252","post","type-post","status-publish","format-standard","has-post-thumbnail","hentry","category-algerie","category-sport"],"_links":{"self":[{"href":"https:\/\/linitiative.ca\/International\/wp-json\/wp\/v2\/posts\/45252","targetHints":{"allow":["GET"]}}],"collection":[{"href":"https:\/\/linitiative.ca\/International\/wp-json\/wp\/v2\/posts"}],"about":[{"href":"https:\/\/linitiative.ca\/International\/wp-json\/wp\/v2\/types\/post"}],"author":[{"embeddable":true,"href":"https:\/\/linitiative.ca\/International\/wp-json\/wp\/v2\/users\/1738"}],"replies":[{"embeddable":true,"href":"https:\/\/linitiative.ca\/International\/wp-json\/wp\/v2\/comments?post=45252"}],"version-history":[{"count":0,"href":"https:\/\/linitiative.ca\/International\/wp-json\/wp\/v2\/posts\/45252\/revisions"}],"wp:featuredmedia":[{"embeddable":true,"href":"https:\/\/linitiative.ca\/International\/wp-json\/"}],"wp:attachment":[{"href":"https:\/\/linitiative.ca\/International\/wp-json\/wp\/v2\/media?parent=45252"}],"wp:term":[{"taxonomy":"category","embeddable":true,"href":"https:\/\/linitiative.ca\/International\/wp-json\/wp\/v2\/categories?post=45252"},{"taxonomy":"post_tag","embeddable":true,"href":"https:\/\/linitiative.ca\/International\/wp-json\/wp\/v2\/tags?post=45252"}],"curies":[{"name":"wp","href":"https:\/\/api.w.org\/{rel}","templated":true}]}}