{"id":45258,"date":"2019-07-09T15:14:35","date_gmt":"2019-07-09T19:14:35","guid":{"rendered":"https:\/\/linitiative.ca\/International\/afrique-can-2019-la-grosse-colere-du-gardien-de-but-tunisien-video\/"},"modified":"2019-07-09T15:14:35","modified_gmt":"2019-07-09T19:14:35","slug":"afrique-can-2019-la-grosse-colere-du-gardien-de-but-tunisien-video","status":"publish","type":"post","link":"https:\/\/linitiative.ca\/International\/afrique-can-2019-la-grosse-colere-du-gardien-de-but-tunisien-video\/","title":{"rendered":"Afrique : CAN 2019 : La grosse col\u00e8re du gardien de but tunisien (Vid\u00e9o)"},"content":{"rendered":"<div readability=\"32\">\n<p>Auteur : <span class=\"time\">mardi 09 juillet 2019 12:00<\/span><\/p>\n<\/div>\n<div id=\"post_core\" readability=\"43\">\n<p>C&rsquo;est dans les derniers instants de la prolongation entre la Tunisie et le Ghana que l&rsquo;entraineur Alain Giresse tente le tout pour le tout et d\u00e9cide de changer de gardien, en faisant rentrer Farouk Ben Mustapha.\u00a0<\/p>\n<p>Le s\u00e9lectionneur des Aigles de Carthage\u00a0provoque alors l&rsquo;\u00e9norme col\u00e8re de Mouez Hassen, outr\u00e9 de devoir c\u00e9der sa place pour une question de strat\u00e9gie comme le souligne Bfmtv. Calm\u00e9 par son co\u00e9quipier Ferjani Sassi, l&rsquo;ancien gardien de l&rsquo;OGC Nice a mis de longues secondes \u00e0 rejoindre le banc de touche et a voulu rentrer directement au vestiaire, sans rester pour le moment d\u00e9cisif de cette rencontre. Et a quitt\u00e9 le terrain sans saluer son rempla\u00e7ant.<\/p>\n<p><iframe loading=\"lazy\" allow=\"accelerometer; autoplay; encrypted-media; gyroscope; picture-in-picture\" allowfullscreen=\"\" frameborder=\"0\" height=\"315\" src=\"https:\/\/www.youtube.com\/embed\/99TCqwjbk8c\" width=\"560\">[embedded content]<\/iframe><\/p>\n<p><strong>Publi\u00e9 dans :<\/strong> <span>tunisie<\/span><\/p>\n<\/div>\n<p>Auteur:<br \/>\n<a href=\"http:\/\/www.lebuteur.com\/article\/detail?titre=can-2019-la-grosse-colere-du-gardien-de-but-tunisien-video&#038;id=90211&#038;utm_source=feedburner&#038;utm_medium=feed&#038;utm_campaign=Feed%3A+GalerieFArtciles+%28Les+derniers+articles++-+lebuteur.com%29\">Cliquez ici pour lire l&rsquo;article depuis sa source.<\/a><\/p>\n","protected":false},"excerpt":{"rendered":"<p>Auteur : mardi 09 juillet 2019 12:00 C&rsquo;est dans les derniers instants de la prolongation entre la Tunisie et le Ghana que l&rsquo;entraineur Alain Giresse tente le tout pour le tout et d\u00e9cide de changer de gardien, en faisant rentrer Farouk Ben Mustapha.\u00a0 Le s\u00e9lectionneur des Aigles de Carthage\u00a0provoque alors l&rsquo;\u00e9norme col\u00e8re de Mouez Hassen, [&hellip;]<\/p>\n","protected":false},"author":1738,"featured_media":45259,"comment_status":"closed","ping_status":"closed","sticky":false,"template":"","format":"standard","meta":{"fifu_image_url":"","fifu_image_alt":"","footnotes":""},"categories":[53,75],"tags":[],"class_list":["post-45258","post","type-post","status-publish","format-standard","has-post-thumbnail","hentry","category-algerie","category-sport"],"_links":{"self":[{"href":"https:\/\/linitiative.ca\/International\/wp-json\/wp\/v2\/posts\/45258","targetHints":{"allow":["GET"]}}],"collection":[{"href":"https:\/\/linitiative.ca\/International\/wp-json\/wp\/v2\/posts"}],"about":[{"href":"https:\/\/linitiative.ca\/International\/wp-json\/wp\/v2\/types\/post"}],"author":[{"embeddable":true,"href":"https:\/\/linitiative.ca\/International\/wp-json\/wp\/v2\/users\/1738"}],"replies":[{"embeddable":true,"href":"https:\/\/linitiative.ca\/International\/wp-json\/wp\/v2\/comments?post=45258"}],"version-history":[{"count":0,"href":"https:\/\/linitiative.ca\/International\/wp-json\/wp\/v2\/posts\/45258\/revisions"}],"wp:featuredmedia":[{"embeddable":true,"href":"https:\/\/linitiative.ca\/International\/wp-json\/"}],"wp:attachment":[{"href":"https:\/\/linitiative.ca\/International\/wp-json\/wp\/v2\/media?parent=45258"}],"wp:term":[{"taxonomy":"category","embeddable":true,"href":"https:\/\/linitiative.ca\/International\/wp-json\/wp\/v2\/categories?post=45258"},{"taxonomy":"post_tag","embeddable":true,"href":"https:\/\/linitiative.ca\/International\/wp-json\/wp\/v2\/tags?post=45258"}],"curies":[{"name":"wp","href":"https:\/\/api.w.org\/{rel}","templated":true}]}}