{"id":45260,"date":"2019-07-09T15:14:36","date_gmt":"2019-07-09T19:14:36","guid":{"rendered":"https:\/\/linitiative.ca\/International\/equipe-dalgerie-lalgerie-a-perdu-deux-ans-belmadi-aurait-du-etre-installe-bien-avant\/"},"modified":"2019-07-09T15:14:36","modified_gmt":"2019-07-09T19:14:36","slug":"equipe-dalgerie-lalgerie-a-perdu-deux-ans-belmadi-aurait-du-etre-installe-bien-avant","status":"publish","type":"post","link":"https:\/\/linitiative.ca\/International\/equipe-dalgerie-lalgerie-a-perdu-deux-ans-belmadi-aurait-du-etre-installe-bien-avant\/","title":{"rendered":"Equipe d&rsquo;Alg\u00e9rie : L\u2019Alg\u00e9rie a perdu deux ans, Belmadi aurait d\u00fb \u00eatre install\u00e9 bien avant"},"content":{"rendered":"<div readability=\"32\">\n<p>Auteur : <span>Moumen A.<\/span> <span class=\"time\">mardi 09 juillet 2019 13:08<\/span><\/p>\n<\/div>\n<div id=\"post_core\" readability=\"56\">\n<p>\u00a0L\u2019Equipe nationale avance et progresse de match en match, bien entendu en mati\u00e8re de performance individuelle et collective. Le s\u00e9lectionneur national, a aussi jusqu\u2019ici bien maitris\u00e9 son sujet sur le plan psychologique. Ses discours et ses interventions improvis\u00e9es avec ses joueurs, sont derri\u00e8re ce bon \u00e9tat d\u2019esprit qui anime le groupe des Verts. D\u2019ailleurs, les sp\u00e9cialistes du football africain, sont unanimes, l\u2019Alg\u00e9rie a perdu deux ans en se passant des services d\u2019un technicien comp\u00e9tent qui connait bien la maison. Autrement dit, l\u2019arriv\u00e9e de Belmadi aurait d\u00fb intervenir bien avant, mais comme dit l\u2019adage \u00ab\u00a0chaque chose en son temps et vaut mieux tard que jamais\u00a0\u00bb<\/p>\n<p><strong>\u00ab\u00a0La comp\u00e9tence locale a pr\u00e9valu, il faut se d\u00e9barrasser du complexe de l\u2019\u00e9tranger\u00a0\u00bb<\/strong><\/p>\n<p>Cet exploit, il en est un puisque peu de gens avaient pr\u00e9dit ou donn\u00e9 du cr\u00e9dit aux propos de Djamel Belmadi qui avait d\u00e8s sa premi\u00e8re conf\u00e9rence de presse d\u00e9clar\u00e9\u00a0qu\u2019il \u00e9tait venu pour gagner la CAN, a une saveur particuli\u00e8re pour les techniciens africains, fiers de voir un un technicien jeune et ambitieux \u00a0s\u2019imposer contre des entraineurs \u00e9trangers et chevronn\u00e9s en Afrique. \u00ab\u00a0Djamel est une comp\u00e9tence du pays, c\u2019est quelqu\u2019un qui sait comment tirer le maximum de ses joueurs. C\u2019est clair que l\u2019Alg\u00e9rie aurait gagn\u00e9 encore plus si on lui avait fait confiance bien avant. C\u2019est le technicien qui peut\u00a0\u00bb D\u00e9clare Mohamed Barakat l\u2019ancienne vedette d\u2019Al Ahly du Caire. M\u00eame son de cloche c\u2019est l\u2019entraineur embl\u00e9matique d\u2019Al Ahly Manuel Jos\u00e9, qui a mis en avant la rigueur des joueurs alg\u00e9riens depuis l\u2019entame de la CAN 2019.<\/p>\n<p><strong>Moumen A.<\/strong><\/p>\n<p><strong>Publi\u00e9 dans :<\/strong> <span>Belmadi<\/span><\/p>\n<\/div>\n<p>Auteur:<br \/>\n<a href=\"http:\/\/www.lebuteur.com\/article\/detail?titre=lalgerie-a-perdu-deux-ans-belmadi-aurait-du-etre-installe-bien-avant&#038;id=90213&#038;utm_source=feedburner&#038;utm_medium=feed&#038;utm_campaign=Feed%3A+GalerieFArtciles+%28Les+derniers+articles++-+lebuteur.com%29\">Cliquez ici pour lire l&rsquo;article depuis sa source.<\/a><\/p>\n","protected":false},"excerpt":{"rendered":"<p>Auteur : Moumen A. mardi 09 juillet 2019 13:08 \u00a0L\u2019Equipe nationale avance et progresse de match en match, bien entendu en mati\u00e8re de performance individuelle et collective. Le s\u00e9lectionneur national, a aussi jusqu\u2019ici bien maitris\u00e9 son sujet sur le plan psychologique. Ses discours et ses interventions improvis\u00e9es avec ses joueurs, sont derri\u00e8re ce bon \u00e9tat [&hellip;]<\/p>\n","protected":false},"author":1738,"featured_media":45261,"comment_status":"closed","ping_status":"closed","sticky":false,"template":"","format":"standard","meta":{"fifu_image_url":"","fifu_image_alt":"","footnotes":""},"categories":[53,75],"tags":[],"class_list":["post-45260","post","type-post","status-publish","format-standard","has-post-thumbnail","hentry","category-algerie","category-sport"],"_links":{"self":[{"href":"https:\/\/linitiative.ca\/International\/wp-json\/wp\/v2\/posts\/45260","targetHints":{"allow":["GET"]}}],"collection":[{"href":"https:\/\/linitiative.ca\/International\/wp-json\/wp\/v2\/posts"}],"about":[{"href":"https:\/\/linitiative.ca\/International\/wp-json\/wp\/v2\/types\/post"}],"author":[{"embeddable":true,"href":"https:\/\/linitiative.ca\/International\/wp-json\/wp\/v2\/users\/1738"}],"replies":[{"embeddable":true,"href":"https:\/\/linitiative.ca\/International\/wp-json\/wp\/v2\/comments?post=45260"}],"version-history":[{"count":0,"href":"https:\/\/linitiative.ca\/International\/wp-json\/wp\/v2\/posts\/45260\/revisions"}],"wp:featuredmedia":[{"embeddable":true,"href":"https:\/\/linitiative.ca\/International\/wp-json\/"}],"wp:attachment":[{"href":"https:\/\/linitiative.ca\/International\/wp-json\/wp\/v2\/media?parent=45260"}],"wp:term":[{"taxonomy":"category","embeddable":true,"href":"https:\/\/linitiative.ca\/International\/wp-json\/wp\/v2\/categories?post=45260"},{"taxonomy":"post_tag","embeddable":true,"href":"https:\/\/linitiative.ca\/International\/wp-json\/wp\/v2\/tags?post=45260"}],"curies":[{"name":"wp","href":"https:\/\/api.w.org\/{rel}","templated":true}]}}