{"id":45262,"date":"2019-07-09T15:14:36","date_gmt":"2019-07-09T19:14:36","guid":{"rendered":"https:\/\/linitiative.ca\/International\/equipe-dalgerie-a-suez-les-verts-devront-faire-avec-la-chaleur-et-lhumidite\/"},"modified":"2019-07-09T15:14:36","modified_gmt":"2019-07-09T19:14:36","slug":"equipe-dalgerie-a-suez-les-verts-devront-faire-avec-la-chaleur-et-lhumidite","status":"publish","type":"post","link":"https:\/\/linitiative.ca\/International\/equipe-dalgerie-a-suez-les-verts-devront-faire-avec-la-chaleur-et-lhumidite\/","title":{"rendered":"Equipe d&rsquo;Alg\u00e9rie : A Suez, les Verts devront faire avec la chaleur et l&rsquo;humidit\u00e9"},"content":{"rendered":"<div readability=\"32\">\n<p>Auteur : <span class=\"time\">mardi 09 juillet 2019 13:09<\/span><\/p>\n<\/div>\n<div id=\"post_core\" readability=\"38\">\n<p>La ville portuaire de Suez est connue par sa chaleur extr\u00eame et un fort taux d&rsquo;humidit\u00e9 en cette p\u00e9riode de l&rsquo;ann\u00e9e, ce qui va forc\u00e9ment jouer un r\u00f4le lors de la rencontre de jeudi face \u00e0 la C\u00f4te d&rsquo;Ivoire, surtout que ce match est pr\u00e9vu \u00e0 17h. Selon les informations de notre envoy\u00e9 sp\u00e9cial, le stade de Suez est pr\u00eat \u00e0 accueillir ce quart de finale et sa pelouse est dans un excellent \u00e9tat.<\/p>\n<p><strong>Publi\u00e9 dans :<\/strong> <span>algerie<\/span><\/p>\n<\/div>\n<p>Auteur:<br \/>\n<a href=\"http:\/\/www.lebuteur.com\/article\/detail?titre=a-suez-les-verts-devront-faire-avec-la-chaleur-et-lhumidite&#038;id=90214&#038;utm_source=feedburner&#038;utm_medium=feed&#038;utm_campaign=Feed%3A+GalerieFArtciles+%28Les+derniers+articles++-+lebuteur.com%29\">Cliquez ici pour lire l&rsquo;article depuis sa source.<\/a><\/p>\n","protected":false},"excerpt":{"rendered":"<p>Auteur : mardi 09 juillet 2019 13:09 La ville portuaire de Suez est connue par sa chaleur extr\u00eame et un fort taux d&rsquo;humidit\u00e9 en cette p\u00e9riode de l&rsquo;ann\u00e9e, ce qui va forc\u00e9ment jouer un r\u00f4le lors de la rencontre de jeudi face \u00e0 la C\u00f4te d&rsquo;Ivoire, surtout que ce match est pr\u00e9vu \u00e0 17h. Selon [&hellip;]<\/p>\n","protected":false},"author":1738,"featured_media":45263,"comment_status":"closed","ping_status":"closed","sticky":false,"template":"","format":"standard","meta":{"fifu_image_url":"","fifu_image_alt":"","footnotes":""},"categories":[53,75],"tags":[],"class_list":["post-45262","post","type-post","status-publish","format-standard","has-post-thumbnail","hentry","category-algerie","category-sport"],"_links":{"self":[{"href":"https:\/\/linitiative.ca\/International\/wp-json\/wp\/v2\/posts\/45262","targetHints":{"allow":["GET"]}}],"collection":[{"href":"https:\/\/linitiative.ca\/International\/wp-json\/wp\/v2\/posts"}],"about":[{"href":"https:\/\/linitiative.ca\/International\/wp-json\/wp\/v2\/types\/post"}],"author":[{"embeddable":true,"href":"https:\/\/linitiative.ca\/International\/wp-json\/wp\/v2\/users\/1738"}],"replies":[{"embeddable":true,"href":"https:\/\/linitiative.ca\/International\/wp-json\/wp\/v2\/comments?post=45262"}],"version-history":[{"count":0,"href":"https:\/\/linitiative.ca\/International\/wp-json\/wp\/v2\/posts\/45262\/revisions"}],"wp:featuredmedia":[{"embeddable":true,"href":"https:\/\/linitiative.ca\/International\/wp-json\/"}],"wp:attachment":[{"href":"https:\/\/linitiative.ca\/International\/wp-json\/wp\/v2\/media?parent=45262"}],"wp:term":[{"taxonomy":"category","embeddable":true,"href":"https:\/\/linitiative.ca\/International\/wp-json\/wp\/v2\/categories?post=45262"},{"taxonomy":"post_tag","embeddable":true,"href":"https:\/\/linitiative.ca\/International\/wp-json\/wp\/v2\/tags?post=45262"}],"curies":[{"name":"wp","href":"https:\/\/api.w.org\/{rel}","templated":true}]}}