{"id":45264,"date":"2019-07-09T15:14:38","date_gmt":"2019-07-09T19:14:38","guid":{"rendered":"https:\/\/linitiative.ca\/International\/international-milan-ac-maldini-scelle-lavenir-de-donnarumma\/"},"modified":"2019-07-09T15:14:38","modified_gmt":"2019-07-09T19:14:38","slug":"international-milan-ac-maldini-scelle-lavenir-de-donnarumma","status":"publish","type":"post","link":"https:\/\/linitiative.ca\/International\/international-milan-ac-maldini-scelle-lavenir-de-donnarumma\/","title":{"rendered":"International : Milan AC : Maldini scelle l&rsquo;avenir de Donnarumma"},"content":{"rendered":"<div readability=\"32\">\n<p>Auteur : <span class=\"time\">mardi 09 juillet 2019 14:40<\/span><\/p>\n<\/div>\n<div id=\"post_core\" readability=\"47\">\n<p>Alors que le nom du gardien du Milan AC est revenu du c\u00f4t\u00e9 de Paris ces derniers jours, le directeur technique du club lombard, Paolo Maldini, a ferm\u00e9 la porte \u00e0 un d\u00e9part ce mardi.<\/p>\n<p>\u00ab\u00a0Nous avons beaucoup parl\u00e9 de l&rsquo;importance de Donnarumma pour l&rsquo;\u00e9quipe. L&rsquo;id\u00e9e est d&rsquo;avoir &lsquo;Gigio&rsquo; avec nous aussi longtemps que possible. C&rsquo;est la premi\u00e8re chose qui nous vient \u00e0 l&rsquo;esprit. C&rsquo;est notre position actuelle\u00a0\u00bb, a d\u00e9clar\u00e9 le dirigeant milanais rapporte Maxifoot.<\/p>\n<p>La porte est donc ferm\u00e9e et il faudra d\u00e9barquer avec une tr\u00e8s grosse offre pour esp\u00e9rer l&rsquo;ouvrir. Le directeur sportif parisien Leonardo a bien compris le message et ne fait plus du recrutement d&rsquo;un gardien une priorit\u00e9<\/p>\n<p><strong>Publi\u00e9 dans :<\/strong> <span>Milan AC<\/span> <span>Maldini<\/span> <span>Donnarumma<\/span><\/p>\n<\/div>\n<p>Auteur:<br \/>\n<a href=\"http:\/\/www.lebuteur.com\/article\/detail?titre=milan-ac-maldini-scelle-lavenir-de-donnarumma&#038;id=90215&#038;utm_source=feedburner&#038;utm_medium=feed&#038;utm_campaign=Feed%3A+GalerieFArtciles+%28Les+derniers+articles++-+lebuteur.com%29\">Cliquez ici pour lire l&rsquo;article depuis sa source.<\/a><\/p>\n","protected":false},"excerpt":{"rendered":"<p>Auteur : mardi 09 juillet 2019 14:40 Alors que le nom du gardien du Milan AC est revenu du c\u00f4t\u00e9 de Paris ces derniers jours, le directeur technique du club lombard, Paolo Maldini, a ferm\u00e9 la porte \u00e0 un d\u00e9part ce mardi. \u00ab\u00a0Nous avons beaucoup parl\u00e9 de l&rsquo;importance de Donnarumma pour l&rsquo;\u00e9quipe. L&rsquo;id\u00e9e est d&rsquo;avoir [&hellip;]<\/p>\n","protected":false},"author":1738,"featured_media":45265,"comment_status":"closed","ping_status":"closed","sticky":false,"template":"","format":"standard","meta":{"fifu_image_url":"","fifu_image_alt":"","footnotes":""},"categories":[53,75],"tags":[],"class_list":["post-45264","post","type-post","status-publish","format-standard","has-post-thumbnail","hentry","category-algerie","category-sport"],"_links":{"self":[{"href":"https:\/\/linitiative.ca\/International\/wp-json\/wp\/v2\/posts\/45264","targetHints":{"allow":["GET"]}}],"collection":[{"href":"https:\/\/linitiative.ca\/International\/wp-json\/wp\/v2\/posts"}],"about":[{"href":"https:\/\/linitiative.ca\/International\/wp-json\/wp\/v2\/types\/post"}],"author":[{"embeddable":true,"href":"https:\/\/linitiative.ca\/International\/wp-json\/wp\/v2\/users\/1738"}],"replies":[{"embeddable":true,"href":"https:\/\/linitiative.ca\/International\/wp-json\/wp\/v2\/comments?post=45264"}],"version-history":[{"count":0,"href":"https:\/\/linitiative.ca\/International\/wp-json\/wp\/v2\/posts\/45264\/revisions"}],"wp:featuredmedia":[{"embeddable":true,"href":"https:\/\/linitiative.ca\/International\/wp-json\/"}],"wp:attachment":[{"href":"https:\/\/linitiative.ca\/International\/wp-json\/wp\/v2\/media?parent=45264"}],"wp:term":[{"taxonomy":"category","embeddable":true,"href":"https:\/\/linitiative.ca\/International\/wp-json\/wp\/v2\/categories?post=45264"},{"taxonomy":"post_tag","embeddable":true,"href":"https:\/\/linitiative.ca\/International\/wp-json\/wp\/v2\/tags?post=45264"}],"curies":[{"name":"wp","href":"https:\/\/api.w.org\/{rel}","templated":true}]}}