{"id":45270,"date":"2019-07-08T19:00:00","date_gmt":"2019-07-08T23:00:00","guid":{"rendered":"https:\/\/linitiative.ca\/International\/exportations-hors-hydrocarbures-un-creneau-pourvoyeur-de-richesse\/"},"modified":"2019-07-08T19:00:00","modified_gmt":"2019-07-08T23:00:00","slug":"exportations-hors-hydrocarbures-un-creneau-pourvoyeur-de-richesse","status":"publish","type":"post","link":"https:\/\/linitiative.ca\/International\/exportations-hors-hydrocarbures-un-creneau-pourvoyeur-de-richesse\/","title":{"rendered":"Exportations hors hydrocarbures : Un cr\u00e9neau pourvoyeur de richesse"},"content":{"rendered":"<p>Cette c\u00e9r\u00e9monie s\u2019est d\u00e9roul\u00e9e en pr\u00e9sence du directeur g\u00e9n\u00e9ral de l\u2019Ecole, Karim Kiared, ainsi que de pr\u00e8s de 700 personnes, entre familles des dipl\u00f4m\u00e9s et repr\u00e9sentants d\u2019entreprises et d\u2019institutions. Parmi les invit\u00e9s, on peut notamment citer le pr\u00e9sident de la Chambre alg\u00e9rienne de commerce et d\u2019industrie, Abdelkader Gouri,\u00a0et l\u2019ambassadeur de France, Xavier Driencourt.<br \/>Khaled Bouchelaghem a encourag\u00e9\u00a0les nouveaux dipl\u00f4m\u00e9s \u00e0 oser l\u2019entrepreneuriat, avant de mettre en \u00e9vidence le fait que le d\u00e9partement dispose d\u2019une strat\u00e9gie prioritaire de promotion des exportations hors-hydrocarbures et incite les laur\u00e9ats \u00e0 investir ce cr\u00e9neau pourvoyeur de richesses. Bouchelaghem\u00a0 a affirm\u00e9 que le minist\u00e8re du Commerce a, dans ce sillage, accompagn\u00e9 r\u00e9cemment un groupe de startupers au Salon VivaTech de Paris. Il convient de noter que ce rendez-vous annuel, cr\u00e9\u00e9 en 2016, est consacr\u00e9 \u00e0 l\u2019innovation technologique et aux start-ups. Il se tient annuellement au Paris Expo Porte de Versailles, en France.<br \/>Le nombre total de dipl\u00f4m\u00e9s de l\u2019Ecole\u00a0 atteint cette ann\u00e9e est de 156, r\u00e9partis comme suit\u00a0: 58 dipl\u00f4m\u00e9s du programme Master en Science de gestion dans les sp\u00e9cialit\u00e9s banque-finance, comptabilit\u00e9-contr\u00f4le audit et Marketing international, 30 dipl\u00f4m\u00e9s du programme MBA, 29 dipl\u00f4m\u00e9s du programme EMBA et 39 dipl\u00f4m\u00e9s du programme Licence 3 en Management g\u00e9n\u00e9ral. La promotion 2019, dont la sortie intervient au lendemain des c\u00e9l\u00e9brations de la f\u00eate de l\u2019Ind\u00e9pendance et de la Jeunesse, a \u00e9t\u00e9 baptis\u00e9e du nom de\u00a0Maurice Audin, c\u00e9l\u00e8bre math\u00e9maticien mort pour que vive l\u2019Alg\u00e9rie libre et ind\u00e9pendante.\u00a0 \u00c0 ce propos, le parcours de ce grand militant a \u00e9t\u00e9 retrac\u00e9 par les diff\u00e9rents intervenants lors de la c\u00e9r\u00e9monie. L\u2019\u00e9v\u00e9nement, qui s\u2019est d\u00e9roul\u00e9 dans une ambiance conviviale, a comme \u00e0 l\u2019accoutum\u00e9e apport\u00e9 tout son c\u00f4t\u00e9 c\u00e9r\u00e9monial avec les \u00e9tudiants accueillis individuellement sur sc\u00e8ne, en parfaite conformit\u00e9 avec le rituel acad\u00e9mique universel des Business School.<br \/>De son c\u00f4t\u00e9, l\u2019ambassadeur de France, Xavier Driencourt, a mis en exergue le fait que cette Ecole de renom a adopt\u00e9 une offre de formation au service exclusif du d\u00e9veloppement de l\u2019Alg\u00e9rie. Driencourt a fait savoir, dans la foul\u00e9e, que l\u2019ESAA rayonne sur le plan international, r\u00e9gional et euro-m\u00e9diterran\u00e9en. S\u2019adressant aux \u00e9tudiants fra\u00eechement dipl\u00f4m\u00e9s, l\u2019ambassadeur a rappel\u00e9 qu\u2019une centaine d\u2019accords lient les \u00e9tablissements d\u2019enseignement sup\u00e9rieur des deux pays. Karim Kiared a insist\u00e9 sur la volont\u00e9 de continuer \u00e0 inscrire son \u00e9tablissement dans l\u2019excellence, \u00e0 travers la qualit\u00e9 de la formation qu\u2019il dispense. Notons, enfin, que l\u2019ESAA, situ\u00e9e aux Pins Maritimes de Mohammadia (Alger), f\u00eate son 15e anniversaire<br \/><strong>Sami Kaidi<\/strong><\/p>\n<p>Auteur: elmoudjahid<br \/>\n<a href=\"http:\/\/www.elmoudjahid.com\/fr\/actualites\/139082\">Cliquez ici pour lire l&rsquo;article depuis sa source.<\/a><\/p>\n","protected":false},"excerpt":{"rendered":"<p>Cette c\u00e9r\u00e9monie s\u2019est d\u00e9roul\u00e9e en pr\u00e9sence du directeur g\u00e9n\u00e9ral de l\u2019Ecole, Karim Kiared, ainsi que de pr\u00e8s de 700 personnes, entre familles des dipl\u00f4m\u00e9s et repr\u00e9sentants d\u2019entreprises et d\u2019institutions. Parmi les invit\u00e9s, on peut notamment citer le pr\u00e9sident de la Chambre alg\u00e9rienne de commerce et d\u2019industrie, Abdelkader Gouri,\u00a0et l\u2019ambassadeur de France, Xavier Driencourt.Khaled Bouchelaghem a [&hellip;]<\/p>\n","protected":false},"author":1744,"featured_media":0,"comment_status":"closed","ping_status":"closed","sticky":false,"template":"","format":"standard","meta":{"fifu_image_url":"","fifu_image_alt":"","footnotes":""},"categories":[73,53],"tags":[],"class_list":["post-45270","post","type-post","status-publish","format-standard","hentry","category-actualite","category-algerie"],"_links":{"self":[{"href":"https:\/\/linitiative.ca\/International\/wp-json\/wp\/v2\/posts\/45270","targetHints":{"allow":["GET"]}}],"collection":[{"href":"https:\/\/linitiative.ca\/International\/wp-json\/wp\/v2\/posts"}],"about":[{"href":"https:\/\/linitiative.ca\/International\/wp-json\/wp\/v2\/types\/post"}],"author":[{"embeddable":true,"href":"https:\/\/linitiative.ca\/International\/wp-json\/wp\/v2\/users\/1744"}],"replies":[{"embeddable":true,"href":"https:\/\/linitiative.ca\/International\/wp-json\/wp\/v2\/comments?post=45270"}],"version-history":[{"count":0,"href":"https:\/\/linitiative.ca\/International\/wp-json\/wp\/v2\/posts\/45270\/revisions"}],"wp:attachment":[{"href":"https:\/\/linitiative.ca\/International\/wp-json\/wp\/v2\/media?parent=45270"}],"wp:term":[{"taxonomy":"category","embeddable":true,"href":"https:\/\/linitiative.ca\/International\/wp-json\/wp\/v2\/categories?post=45270"},{"taxonomy":"post_tag","embeddable":true,"href":"https:\/\/linitiative.ca\/International\/wp-json\/wp\/v2\/tags?post=45270"}],"curies":[{"name":"wp","href":"https:\/\/api.w.org\/{rel}","templated":true}]}}