{"id":45275,"date":"2019-07-09T07:01:46","date_gmt":"2019-07-09T11:01:46","guid":{"rendered":"https:\/\/linitiative.ca\/International\/91631-can-2019-algerie-cote-d-ivoire-le-choc-des-quarts-de-finale\/"},"modified":"2019-07-09T07:01:46","modified_gmt":"2019-07-09T11:01:46","slug":"91631-can-2019-algerie-cote-d-ivoire-le-choc-des-quarts-de-finale","status":"publish","type":"post","link":"https:\/\/linitiative.ca\/International\/91631-can-2019-algerie-cote-d-ivoire-le-choc-des-quarts-de-finale\/","title":{"rendered":"CAN 2019 : Alg\u00e9rie- C\u00f4te d&rsquo;Ivoire le choc des quarts de finale  \u00a0"},"content":{"rendered":"<div>\n<div class=\"K2FeedImage\"><img decoding=\"async\" src=\"http:\/\/www.aps.dz\/media\/k2\/items\/cache\/fbe5031ec32de35a193e2118184c4a5a_S.jpg\" alt=\"CAN 2019 : Alg\u00e9rie- C\u00f4te d'Ivoire le choc des quarts de finale  \u00a0\"><\/div>\n<div class=\"K2FeedIntroText\">\n<p>LE CAIRE- L&rsquo;Alg\u00e9rie affrontera la C\u00f4te d&rsquo;Ivoire en quarts de finale de la Coupe d&rsquo;Afrique des Nations CAN 2019 pr\u00e9vu jeudi 10 juillet \u00e0 17h00 au stade Suez (Egypte).<\/p>\n<\/div>\n<div class=\"K2FeedFullText\">\n<p>La s\u00e9lection alg\u00e9rienne s&rsquo;est qualifi\u00e9e pour les quarts de finale en surclassant la Guin\u00e9e (3-0) dimanche soir au Caire. De son c\u00f4t\u00e9, la C\u00f4te d&rsquo;Ivoire a \u00e9limin\u00e9 le Mali (1-0) lundi \u00e0 Suez.<\/p>\n<p>La derni\u00e8re confrontation entre l&rsquo;Alg\u00e9rie et la C\u00f4te d&rsquo;Ivoire remonte \u00e0 la CAN 2015 avec une victoire des El\u00e9phants de C\u00f4te d&rsquo;Ivoire (3-1) en quarts de finale disput\u00e9 \u00e0 Malabo (Guin\u00e9e \u00e9quatoriale).<\/p>\n<p>\u00a0<\/p>\n<p><strong>Programme des quarts de finale de la CAN 2019<\/strong><\/p>\n<p><strong>\u00a0<\/strong><\/p>\n<p><strong>Mercredi 10 juillet<\/strong><\/p>\n<p>\u00a0<\/p>\n<p>Au Caire\u00a0\u00a0\u00a0\u00a0\u00a0\u00a0\u00a0\u00a0\u00a0\u00a0 B\u00e9nin &#8211; S\u00e9n\u00e9gal\u00a0\u00a0\u00a0\u00a0\u00a0\u00a0\u00a0\u00a0\u00a0\u00a0\u00a0\u00a0\u00a0 17h00<\/p>\n<p>Au Caire\u00a0\u00a0\u00a0\u00a0\u00a0\u00a0\u00a0\u00a0\u00a0\u00a0 Nig\u00e9ria &#8211; Afrique du Sud 20h00<\/p>\n<p>\u00a0<\/p>\n<p><strong>Jeudi 11 juillet &#8211;<\/strong><\/p>\n<p>A Suez : Alg\u00e9rie-C\u00f4te d&rsquo;Ivoire\u00a0\u00a0\u00a0\u00a0\u00a0\u00a0\u00a0\u00a0\u00a0\u00a0\u00a0\u00a0\u00a0\u00a0\u00a0\u00a0 17h00<\/p>\n<p>Au Caire:\u00a0\u00a0\u00a0\u00a0\u00a0\u00a0\u00a0\u00a0\u00a0 Ghana \/Tunisie-\u00a0 Madagascar 20h00.(APS)<\/p>\n<p>\u00a0<\/p>\n<\/div>\n<p><img loading=\"lazy\" decoding=\"async\" src=\"http:\/\/feeds.feedburner.com\/~r\/aps-sport\/~4\/1AdP__oHcPQ\" height=\"1\" width=\"1\" alt=\"\"><\/div>\n<p>Auteur:<br \/>\n<a href=\"http:\/\/www.aps.dz\/sport\/91631-can-2019-algerie-cote-d-ivoire-le-choc-des-quarts-de-finale?utm_source=feedburner&#038;utm_medium=feed&#038;utm_campaign=Feed%3A+aps-sport+%28APS+-+SPORT%29\">Cliquez ici pour lire l&rsquo;article depuis sa source.<\/a><\/p>\n","protected":false},"excerpt":{"rendered":"<p>LE CAIRE- L&rsquo;Alg\u00e9rie affrontera la C\u00f4te d&rsquo;Ivoire en quarts de finale de la Coupe d&rsquo;Afrique des Nations CAN 2019 pr\u00e9vu jeudi 10 juillet \u00e0 17h00 au stade Suez (Egypte). La s\u00e9lection alg\u00e9rienne s&rsquo;est qualifi\u00e9e pour les quarts de finale en surclassant la Guin\u00e9e (3-0) dimanche soir au Caire. De son c\u00f4t\u00e9, la C\u00f4te d&rsquo;Ivoire a [&hellip;]<\/p>\n","protected":false},"author":1790,"featured_media":45276,"comment_status":"closed","ping_status":"closed","sticky":false,"template":"","format":"standard","meta":{"fifu_image_url":"","fifu_image_alt":"","footnotes":""},"categories":[53,75],"tags":[],"class_list":["post-45275","post","type-post","status-publish","format-standard","has-post-thumbnail","hentry","category-algerie","category-sport"],"_links":{"self":[{"href":"https:\/\/linitiative.ca\/International\/wp-json\/wp\/v2\/posts\/45275","targetHints":{"allow":["GET"]}}],"collection":[{"href":"https:\/\/linitiative.ca\/International\/wp-json\/wp\/v2\/posts"}],"about":[{"href":"https:\/\/linitiative.ca\/International\/wp-json\/wp\/v2\/types\/post"}],"author":[{"embeddable":true,"href":"https:\/\/linitiative.ca\/International\/wp-json\/wp\/v2\/users\/1790"}],"replies":[{"embeddable":true,"href":"https:\/\/linitiative.ca\/International\/wp-json\/wp\/v2\/comments?post=45275"}],"version-history":[{"count":0,"href":"https:\/\/linitiative.ca\/International\/wp-json\/wp\/v2\/posts\/45275\/revisions"}],"wp:featuredmedia":[{"embeddable":true,"href":"https:\/\/linitiative.ca\/International\/wp-json\/"}],"wp:attachment":[{"href":"https:\/\/linitiative.ca\/International\/wp-json\/wp\/v2\/media?parent=45275"}],"wp:term":[{"taxonomy":"category","embeddable":true,"href":"https:\/\/linitiative.ca\/International\/wp-json\/wp\/v2\/categories?post=45275"},{"taxonomy":"post_tag","embeddable":true,"href":"https:\/\/linitiative.ca\/International\/wp-json\/wp\/v2\/tags?post=45275"}],"curies":[{"name":"wp","href":"https:\/\/api.w.org\/{rel}","templated":true}]}}