{"id":45282,"date":"2019-07-09T11:23:13","date_gmt":"2019-07-09T15:23:13","guid":{"rendered":"https:\/\/linitiative.ca\/International\/91655-can-2019-quarts-de-finale-algerie-cote-d-ivoire-350-places-supplementaires-pour-le-deplacement-des-supporters-mjs\/"},"modified":"2019-07-09T11:23:13","modified_gmt":"2019-07-09T15:23:13","slug":"91655-can-2019-quarts-de-finale-algerie-cote-d-ivoire-350-places-supplementaires-pour-le-deplacement-des-supporters-mjs","status":"publish","type":"post","link":"https:\/\/linitiative.ca\/International\/91655-can-2019-quarts-de-finale-algerie-cote-d-ivoire-350-places-supplementaires-pour-le-deplacement-des-supporters-mjs\/","title":{"rendered":"CAN-2019 (Quarts de finale)\/Alg\u00e9rie-C\u00f4te d&rsquo;Ivoire: 350 places suppl\u00e9mentaires pour le d\u00e9placement des supporters (MJS)"},"content":{"rendered":"<div>\n<div class=\"K2FeedIntroText\">\n<p><strong>ALGER- Trois-cent-cinquante (350) places suppl\u00e9mentaires seront assur\u00e9es par les autorit\u00e9s alg\u00e9riennes \u00ab\u00a0sur instruction du Premier ministre\u00a0\u00bb, pour le d\u00e9placement des supporters alg\u00e9riens \u00e0 Suez (Egypte), \u00e0 l&rsquo;occasion du quart de finale de la Coupe d&rsquo;Afrique des nations (CAN-2019) pr\u00e9vu jeudi (17h00, alg\u00e9rienne) entre les Verts et la\u00a0 C\u00f4te d&rsquo;Ivoire, a indiqu\u00e9 mardi un communiqu\u00e9 du minist\u00e8re de\u00a0la Jeunesse et des Sports (MJS).<\/strong><\/p>\n<\/div>\n<div class=\"K2FeedFullText\">\n<p>\u00ab\u00a0Face \u00e0 la forte demande enregistr\u00e9e et suite aux instructions du Premier ministre, deux avions de la compagnie a\u00e9rienne Tassili Airlines vont \u00eatre mobilis\u00e9s pour le transport de 350 personnes suppl\u00e9mentaires avec la m\u00eame formule qui comprend le transport par avion charter, le transfert par bus\u00a0vers le stade ainsi que le ticket d\u2019acc\u00e8s \u00e0 la rencontre, au prix de 35.000 DA par personne.\u00a0\u00bb, indiqu\u00e9 le MJS mardi dans un communiqu\u00e9.<\/p>\n<p>450 places ont \u00e9t\u00e9 d\u00e9j\u00e0 mises sur le march\u00e9 et vendues ce mardi en seulement deux heures, selon le directeur g\u00e9n\u00e9ral du Touring Voyages Alg\u00e9rie (TVA), Tahar Sahri, en pr\u00e9cisant que l&rsquo;op\u00e9ration s&rsquo;est effectu\u00e9e au niveau de diff\u00e9rentes agences de Touring pour plus d&rsquo;\u00e9quit\u00e9.<\/p>\n<p>\u00ab\u00a0Deux avions ont \u00e9t\u00e9 r\u00e9quisitionn\u00e9s pour assurer le transport de ces 450 supporters. Ils embarqueront jeudi \u00e0 2h00 du matin et devraient atterrir vers 6h00 \u00e0 l&rsquo;a\u00e9roport international du Caire. A partir de l\u00e0, des bus r\u00e9cents et confortables seront mis \u00e0 leur disposition pour rallier la ville de Suez\u00a0\u00bb, o\u00f9 se d\u00e9roulera le quart de finale contre la C\u00f4te d&rsquo;Ivoire (17h00).<\/p>\n<p>\u00ab\u00a0Le retour en Alg\u00e9rie se fera apr\u00e8s le match, vers 00h00, avec, je l&rsquo;esp\u00e8re, la qualification en poche\u00a0\u00bb, a souhait\u00e9 Sahri, qui a expliqu\u00e9 au passage que TVA s&rsquo;occupera des formalit\u00e9s administratives relatives \u00e0\u00a0l&rsquo;obtention du visa d&rsquo;entr\u00e9e en Egypte et collaborera avec la F\u00e9d\u00e9ration alg\u00e9rienne de football (FAF) pour ce qui est de la billetterie.<\/p>\n<p>Les autorit\u00e9s alg\u00e9riennes, par le biais du minist\u00e8re de la Jeunesse et des Sports (MJS) et celui du Tourisme et de l&rsquo;Artisanat, ont d\u00e9cid\u00e9 de mettre en place ce pont a\u00e9rien \u00e0 destination de l&rsquo;Egypte pour assurer \u00ab\u00a0un meilleur soutien \u00e0 la s\u00e9lection nationale\u00a0\u00bb, d\u00e9j\u00e0 encourag\u00e9e par un nombre important\u00a0de supporters en terre \u00e9gyptienne.<\/p>\n<p>A noter que l&rsquo;ambassadeur d&rsquo;Alg\u00e9rie en Egypte, Nadir Larbaoui, a rencontr\u00e9 lundi le gouverneur de la ville de Suez, Abdelmadjid Sakr, pour aborder les pr\u00e9paratifs relatifs \u00e0 ce match et \u00e0 l&rsquo;accueil de la d\u00e9l\u00e9gation alg\u00e9rienne et de ses supporters.<\/p>\n<p>\u00a0<\/p>\n<\/div>\n<p><img loading=\"lazy\" decoding=\"async\" src=\"http:\/\/feeds.feedburner.com\/~r\/aps-sport\/~4\/zaz2FvfpX9c\" height=\"1\" width=\"1\" alt=\"\"><\/div>\n<p>Auteur:<br \/>\n<a href=\"http:\/\/www.aps.dz\/sport\/91655-can-2019-quarts-de-finale-algerie-cote-d-ivoire-350-places-supplementaires-pour-le-deplacement-des-supporters-mjs?utm_source=feedburner&#038;utm_medium=feed&#038;utm_campaign=Feed%3A+aps-sport+%28APS+-+SPORT%29\">Cliquez ici pour lire l&rsquo;article depuis sa source.<\/a><\/p>\n","protected":false},"excerpt":{"rendered":"<p>ALGER- Trois-cent-cinquante (350) places suppl\u00e9mentaires seront assur\u00e9es par les autorit\u00e9s alg\u00e9riennes \u00ab\u00a0sur instruction du Premier ministre\u00a0\u00bb, pour le d\u00e9placement des supporters alg\u00e9riens \u00e0 Suez (Egypte), \u00e0 l&rsquo;occasion du quart de finale de la Coupe d&rsquo;Afrique des nations (CAN-2019) pr\u00e9vu jeudi (17h00, alg\u00e9rienne) entre les Verts et la\u00a0 C\u00f4te d&rsquo;Ivoire, a indiqu\u00e9 mardi un communiqu\u00e9 du [&hellip;]<\/p>\n","protected":false},"author":1790,"featured_media":0,"comment_status":"closed","ping_status":"closed","sticky":false,"template":"","format":"standard","meta":{"fifu_image_url":"","fifu_image_alt":"","footnotes":""},"categories":[53,75],"tags":[],"class_list":["post-45282","post","type-post","status-publish","format-standard","hentry","category-algerie","category-sport"],"_links":{"self":[{"href":"https:\/\/linitiative.ca\/International\/wp-json\/wp\/v2\/posts\/45282","targetHints":{"allow":["GET"]}}],"collection":[{"href":"https:\/\/linitiative.ca\/International\/wp-json\/wp\/v2\/posts"}],"about":[{"href":"https:\/\/linitiative.ca\/International\/wp-json\/wp\/v2\/types\/post"}],"author":[{"embeddable":true,"href":"https:\/\/linitiative.ca\/International\/wp-json\/wp\/v2\/users\/1790"}],"replies":[{"embeddable":true,"href":"https:\/\/linitiative.ca\/International\/wp-json\/wp\/v2\/comments?post=45282"}],"version-history":[{"count":0,"href":"https:\/\/linitiative.ca\/International\/wp-json\/wp\/v2\/posts\/45282\/revisions"}],"wp:attachment":[{"href":"https:\/\/linitiative.ca\/International\/wp-json\/wp\/v2\/media?parent=45282"}],"wp:term":[{"taxonomy":"category","embeddable":true,"href":"https:\/\/linitiative.ca\/International\/wp-json\/wp\/v2\/categories?post=45282"},{"taxonomy":"post_tag","embeddable":true,"href":"https:\/\/linitiative.ca\/International\/wp-json\/wp\/v2\/tags?post=45282"}],"curies":[{"name":"wp","href":"https:\/\/api.w.org\/{rel}","templated":true}]}}