{"id":45285,"date":"2019-07-09T14:31:29","date_gmt":"2019-07-09T18:31:29","guid":{"rendered":"https:\/\/linitiative.ca\/International\/91681-can-2019-quarts-de-finale-les-arbitres-prets-pour-la-var\/"},"modified":"2019-07-09T14:31:29","modified_gmt":"2019-07-09T18:31:29","slug":"91681-can-2019-quarts-de-finale-les-arbitres-prets-pour-la-var","status":"publish","type":"post","link":"https:\/\/linitiative.ca\/International\/91681-can-2019-quarts-de-finale-les-arbitres-prets-pour-la-var\/","title":{"rendered":"CAN 2019 (quarts de finale): les arbitres  pr\u00eats pour la VAR"},"content":{"rendered":"<div>\n<div class=\"K2FeedIntroText\">\n<p><strong>LE CAIRE &#8211; Les arbitres sont pr\u00eats \u00e0 utiliser l&rsquo;assistance vid\u00e9o (VAR) d\u00e8s les quarts de finale de la Coupe d&rsquo;Afrique des nations CAN2019 qui d\u00e9butent mercredi, a indiqu\u00e9 la Conf\u00e9d\u00e9ration africaine de football.<\/strong><\/p>\n<\/div>\n<div class=\"K2FeedFullText\">\n<p>Le directeur technique de l\u2019IFAB, David Elleray, qui a supervis\u00e9 les s\u00e9ances d\u2019entra\u00eenement VAR au stade de l\u2019Acad\u00e9mie militaire au Caire, a salu\u00e9 la d\u00e9cision de mettre en place le syst\u00e8me pour le reste de la comp\u00e9tition. \u00ab\u00a0La CAF est sens\u00e9e d&rsquo;introduire la VAR lors des quarts de finale de la Coupe d&rsquo;Afrique des Nations\u00a0 2019. C&rsquo;est une \u00e9tape cruciale de la comp\u00e9tition et il y a des matches cl\u00e9s. Il est pr\u00e9f\u00e9rable d\u2019avoir une prise de d\u00e9cision de qualit\u00e9 et la VAR y contribuera\u00a0\u00bb, a d\u00e9clar\u00e9 Elleray \u00e0 cafonline.com.<\/p>\n<p>\u00ab\u00a0Nous y travaillons depuis avril 2018. Cela a \u00e9t\u00e9 un processus et avec le soutien des instructeurs de la CAF. Jusqu&rsquo;ici, nous sommes satisfaits des pr\u00e9paratifs et nous nous entra\u00eenons tous les jours pour nous am\u00e9liorer.\u00a0\u00bb<\/p>\n<p>Parall\u00e8lement, deux arbitres europ\u00e9ens ont \u00e9t\u00e9 invit\u00e9s \u00e0 soutenir le syst\u00e8me VAR sur la base de leur exp\u00e9rience et de leur connaissance de ce dernier. Il s&rsquo;agit de Paulinus Van Boekel (Pays-Bas) et de Benoit Millot (France).<\/p>\n<p>Le but de la VAR est de r\u00e9duire les injustices caus\u00e9es par des \u00ab\u00a0erreurs \u00e9videntes\u00a0\u00bb ou des \u00ab\u00a0s\u00e9rieux incidents manqu\u00e9s\u00a0\u00bb, sera applicable \u00e0 partir des quarts de finale, avec l&rsquo;autorisation de l&rsquo;International Football Association Board (IFAB) et de la FIFA, instance dirigeante.<\/p>\n<p>Depuis le d\u00e9but du tournoi, il y a eu des simulations de tests de VAR lors des matches s\u00e9lectionn\u00e9s, ce qui a permis aux arbitres de se familiariser avec le syst\u00e8me, ce qui devrait renforcer leurs capacit\u00e9s lors de la plus importante comp\u00e9tition continentale.<\/p>\n<p>Ce sera la premi\u00e8re fois que la CAF appliquera la VAR lors d\u2019un grand championnat, apr\u00e8s une simulation lors du Championnat d\u2019Afrique des Nations \u00a0au Maroc en 2018. On se rappellera que le VAR a fait son entr\u00e9e dans le football africain pour la premi\u00e8re fois lors de la Super Coupe de la CAF entre le Wydad Athletic Club (Maroc) et le TP Mazembe (RD Congo) \u00e0 Casablanca en f\u00e9vrier 2018.<\/p>\n<p>Elle a \u00e9t\u00e9 suivie par les derniers matches des comp\u00e9titions interclubs de la CAF en 2018 et pour la saison 2018\/19, ainsi que par la Super Coupe 2019 de la CAF \u00e0 Doha, au Qatar.<\/p>\n<\/div>\n<p><img loading=\"lazy\" decoding=\"async\" src=\"http:\/\/feeds.feedburner.com\/~r\/aps-sport\/~4\/J43dvoqySZc\" height=\"1\" width=\"1\" alt=\"\"><\/div>\n<p>Auteur:<br \/>\n<a href=\"http:\/\/www.aps.dz\/sport\/91681-can-2019-quarts-de-finale-les-arbitres-prets-pour-la-var?utm_source=feedburner&#038;utm_medium=feed&#038;utm_campaign=Feed%3A+aps-sport+%28APS+-+SPORT%29\">Cliquez ici pour lire l&rsquo;article depuis sa source.<\/a><\/p>\n","protected":false},"excerpt":{"rendered":"<p>LE CAIRE &#8211; Les arbitres sont pr\u00eats \u00e0 utiliser l&rsquo;assistance vid\u00e9o (VAR) d\u00e8s les quarts de finale de la Coupe d&rsquo;Afrique des nations CAN2019 qui d\u00e9butent mercredi, a indiqu\u00e9 la Conf\u00e9d\u00e9ration africaine de football. Le directeur technique de l\u2019IFAB, David Elleray, qui a supervis\u00e9 les s\u00e9ances d\u2019entra\u00eenement VAR au stade de l\u2019Acad\u00e9mie militaire au Caire, [&hellip;]<\/p>\n","protected":false},"author":1790,"featured_media":0,"comment_status":"closed","ping_status":"closed","sticky":false,"template":"","format":"standard","meta":{"fifu_image_url":"","fifu_image_alt":"","footnotes":""},"categories":[53,75],"tags":[],"class_list":["post-45285","post","type-post","status-publish","format-standard","hentry","category-algerie","category-sport"],"_links":{"self":[{"href":"https:\/\/linitiative.ca\/International\/wp-json\/wp\/v2\/posts\/45285","targetHints":{"allow":["GET"]}}],"collection":[{"href":"https:\/\/linitiative.ca\/International\/wp-json\/wp\/v2\/posts"}],"about":[{"href":"https:\/\/linitiative.ca\/International\/wp-json\/wp\/v2\/types\/post"}],"author":[{"embeddable":true,"href":"https:\/\/linitiative.ca\/International\/wp-json\/wp\/v2\/users\/1790"}],"replies":[{"embeddable":true,"href":"https:\/\/linitiative.ca\/International\/wp-json\/wp\/v2\/comments?post=45285"}],"version-history":[{"count":0,"href":"https:\/\/linitiative.ca\/International\/wp-json\/wp\/v2\/posts\/45285\/revisions"}],"wp:attachment":[{"href":"https:\/\/linitiative.ca\/International\/wp-json\/wp\/v2\/media?parent=45285"}],"wp:term":[{"taxonomy":"category","embeddable":true,"href":"https:\/\/linitiative.ca\/International\/wp-json\/wp\/v2\/categories?post=45285"},{"taxonomy":"post_tag","embeddable":true,"href":"https:\/\/linitiative.ca\/International\/wp-json\/wp\/v2\/tags?post=45285"}],"curies":[{"name":"wp","href":"https:\/\/api.w.org\/{rel}","templated":true}]}}