{"id":45286,"date":"2019-07-09T14:35:03","date_gmt":"2019-07-09T18:35:03","guid":{"rendered":"https:\/\/linitiative.ca\/International\/91683-can-2019-algerie-cote-d-ivoire-j-2-entrainement-des-verts-au-caire-sans-oukidja\/"},"modified":"2019-07-09T14:35:03","modified_gmt":"2019-07-09T18:35:03","slug":"91683-can-2019-algerie-cote-d-ivoire-j-2-entrainement-des-verts-au-caire-sans-oukidja","status":"publish","type":"post","link":"https:\/\/linitiative.ca\/International\/91683-can-2019-algerie-cote-d-ivoire-j-2-entrainement-des-verts-au-caire-sans-oukidja\/","title":{"rendered":"CAN-2019\/Alg\u00e9rie-C\u00f4te d&rsquo;Ivoire (J-2): entra\u00eenement des Verts au Caire sans Oukidja"},"content":{"rendered":"<div>\n<div class=\"K2FeedIntroText\">\n<p><strong>LE CAIRE &#8211; L\u2019\u00e9quipe nationale alg\u00e9rienne de football a effectu\u00e9 mardi une s\u00e9ance d\u2019entra\u00eenement au stade Petrosport du Caire, en l\u2019absence du gardien de but Alexandre Oukidja, \u00e0 48 heures du match face \u00e0 la C\u00f4te d\u2019Ivoire, jeudi au stade de Suez (17h00, alg\u00e9riennes), comptant pour les quarts de finale de la CAN-2019 en Egypte (21 juin \u2013 19 juillet).<\/strong><\/p>\n<\/div>\n<div class=\"K2FeedFullText\">\n<p>Le portier du FC Metz (France), m\u00e9nag\u00e9, est rest\u00e9 au niveau de l\u2019h\u00f4tel des Verts au Caire, apr\u00e8s avoir ressenti de nouveau des douleurs au dos. Oukidja avait d\u00e9j\u00e0 rat\u00e9 deux s\u00e9ances d\u2019entrainement avant le match des 1\/8es de finale face \u00e0 la Guin\u00e9e (3-0).<\/p>\n<p>Le reste de l\u2019effectif s\u2019est entra\u00een\u00e9 dans une excellente ambiance, sous la conduite de Djamel Belmadi, ce dernier a d\u00fb s&rsquo;absenter lundi, \u00e0 l&rsquo;occasion de la s\u00e9ance effectu\u00e9e avec un groupe r\u00e9duit, en raison de son d\u00e9placement \u00e0 Suez pour assister au 1\/8e de finale entre la C\u00f4te d\u2019Ivoire et le Mali (1-0).<\/p>\n<p>Cette avant-derni\u00e8re s\u00e9ance d\u2019entra\u00eenement qui a d\u00e9but\u00e9 \u00e0 17h00 (alg\u00e9riennes), a \u00e9t\u00e9 ouverte pendant ses 15 premi\u00e8res minutes aux m\u00e9dias. Ella a \u00e9t\u00e9 marqu\u00e9e par la pr\u00e9sence d\u2019une dizaine de supporters venus encourager les co\u00e9quipiers d\u2019Adl\u00e8ne Guedioura. Ce galop a \u00e9t\u00e9 pr\u00e9c\u00e9d\u00e9 par une zone mixte organis\u00e9e. Ramy Bensebaini, Mehdi Abeid, et le gardien de but Azzedine Doukha, ont r\u00e9pondu aux questions des journalistes.<\/p>\n<p>De son c\u00f4t\u00e9, la s\u00e9lection ivoirienne, dirig\u00e9e par Ibrahim Kamara, a effectu\u00e9 sa s\u00e9ance d\u2019entrainement \u00e0 16h30 (alg\u00e9riennes) au stade Wadi Degla au Caire. Le d\u00e9fenseur des \u00ab\u00a0El\u00e9phants \u00a0\u00bb Serge Aurier, s\u2019est bless\u00e9 \u00e0 la main en tapant une table \u00e0 la mi-temps du match face au Mali.<\/p>\n<p>Rappelons que l\u2019\u00e9quipe nationale a r\u00e9ussi jusque-l\u00e0 un parcours sans-faute, remportant ses quatre rencontres, avec un bilan de 9 buts marqu\u00e9s sans encaisser le moindre but.<\/p>\n<\/div>\n<p><img loading=\"lazy\" decoding=\"async\" src=\"http:\/\/feeds.feedburner.com\/~r\/aps-sport\/~4\/hRaYNLbTrLc\" height=\"1\" width=\"1\" alt=\"\"><\/div>\n<p>Auteur:<br \/>\n<a href=\"http:\/\/www.aps.dz\/sport\/91683-can-2019-algerie-cote-d-ivoire-j-2-entrainement-des-verts-au-caire-sans-oukidja?utm_source=feedburner&#038;utm_medium=feed&#038;utm_campaign=Feed%3A+aps-sport+%28APS+-+SPORT%29\">Cliquez ici pour lire l&rsquo;article depuis sa source.<\/a><\/p>\n","protected":false},"excerpt":{"rendered":"<p>LE CAIRE &#8211; L\u2019\u00e9quipe nationale alg\u00e9rienne de football a effectu\u00e9 mardi une s\u00e9ance d\u2019entra\u00eenement au stade Petrosport du Caire, en l\u2019absence du gardien de but Alexandre Oukidja, \u00e0 48 heures du match face \u00e0 la C\u00f4te d\u2019Ivoire, jeudi au stade de Suez (17h00, alg\u00e9riennes), comptant pour les quarts de finale de la CAN-2019 en Egypte [&hellip;]<\/p>\n","protected":false},"author":1790,"featured_media":0,"comment_status":"closed","ping_status":"closed","sticky":false,"template":"","format":"standard","meta":{"fifu_image_url":"","fifu_image_alt":"","footnotes":""},"categories":[53,75],"tags":[],"class_list":["post-45286","post","type-post","status-publish","format-standard","hentry","category-algerie","category-sport"],"_links":{"self":[{"href":"https:\/\/linitiative.ca\/International\/wp-json\/wp\/v2\/posts\/45286","targetHints":{"allow":["GET"]}}],"collection":[{"href":"https:\/\/linitiative.ca\/International\/wp-json\/wp\/v2\/posts"}],"about":[{"href":"https:\/\/linitiative.ca\/International\/wp-json\/wp\/v2\/types\/post"}],"author":[{"embeddable":true,"href":"https:\/\/linitiative.ca\/International\/wp-json\/wp\/v2\/users\/1790"}],"replies":[{"embeddable":true,"href":"https:\/\/linitiative.ca\/International\/wp-json\/wp\/v2\/comments?post=45286"}],"version-history":[{"count":0,"href":"https:\/\/linitiative.ca\/International\/wp-json\/wp\/v2\/posts\/45286\/revisions"}],"wp:attachment":[{"href":"https:\/\/linitiative.ca\/International\/wp-json\/wp\/v2\/media?parent=45286"}],"wp:term":[{"taxonomy":"category","embeddable":true,"href":"https:\/\/linitiative.ca\/International\/wp-json\/wp\/v2\/categories?post=45286"},{"taxonomy":"post_tag","embeddable":true,"href":"https:\/\/linitiative.ca\/International\/wp-json\/wp\/v2\/tags?post=45286"}],"curies":[{"name":"wp","href":"https:\/\/api.w.org\/{rel}","templated":true}]}}