{"id":45290,"date":"2019-07-09T14:35:00","date_gmt":"2019-07-09T18:35:00","guid":{"rendered":"https:\/\/linitiative.ca\/International\/presidence-de-lapn-les-deputes-fln-designent-mohamed-djemai\/"},"modified":"2019-07-09T14:35:00","modified_gmt":"2019-07-09T18:35:00","slug":"presidence-de-lapn-les-deputes-fln-designent-mohamed-djemai","status":"publish","type":"post","link":"https:\/\/linitiative.ca\/International\/presidence-de-lapn-les-deputes-fln-designent-mohamed-djemai\/","title":{"rendered":"PRESIDENCE DE L\u2019APN : Les d\u00e9put\u00e9s FLN d\u00e9signent Mohamed Djemai"},"content":{"rendered":"<p><br id=\"sep_para_1\" class=\"sep_para access\"\/><\/p>\n<div id=\"para_1\" class=\"para_32084653 resize\">\n<div class=\"texte access firstletter\">Le groupe parlementaire du Front de lib\u00e9ration nationale (FLN) a d\u00e9sign\u00e9 Mohamed Djemai, lors d\u2019une r\u00e9union tenue ce mardi au si\u00e8ge du parti \u00e0 Alger, comme candidat pour succ\u00e9der \u00e0 Mouad Bouchareb \u00e0 la t\u00eate de l\u2019Assembl\u00e9e populaire nationale (APN). Selon Ennahar qui cite le pr\u00e9sident du groupe parlementaire, les d\u00e9put\u00e9s de l\u2019ex parti unique sont unanimement favorables \u00e0 une candidature de Mohamed Djamai. Ce dernier n\u2019a pas, pour l\u2019heure, donn\u00e9 son accord. Mardi dernier, Mouad Bouchareb, ancien pr\u00e9sident de l\u2019APN, a d\u00e9pos\u00e9 sa d\u00e9mission. Il a \u00e9t\u00e9 \u00e9lu en octobre dernier dans des conditions qualifi\u00e9es par une majorit\u00e9 d\u2019observateurs d\u2019 \u00ab ill\u00e9gales \u00bb. Son passage au parlement n\u2019aura dur\u00e9, au final, que quelques mois. C\u2019\u00e9tait tr\u00e8s rapide ! Pour rappel, les d\u00e9put\u00e9s du Front de lib\u00e9ration nationale (FLN) se sont r\u00e9unis ce lundi apr\u00e8s-midi \u00e0 l\u2019Assembl\u00e9e populaire nationale (APN). Les parlementaires de la majorit\u00e9 ont pr\u00e9s\u00e9lectionn\u00e9 des candidats pour la succession de Mouad Bouchareb \u00e0 la t\u00eate de l\u2019Assembl\u00e9e. Le dimanche 7 juillet, la commission des affaires juridiques de l\u2019APN avait valid\u00e9 la vacance du post de pr\u00e9sident de l\u2019APN. Plus tard dans la journ\u00e9e, le bureau de l\u2019APN avait tenu une r\u00e9union sous la pr\u00e9sidence du vice-pr\u00e9sident Abderrezak Terbeche pour valider l\u2019examen du rapport de la commission des affaires juridiques portant sur la validation de la vacance du poste de pr\u00e9sident de l\u2019APN. Cette r\u00e9union avait aussi fix\u00e9 une date pour la s\u00e9ance de l\u2019\u00e9lection du nouveau pr\u00e9sident. Celle-ci a \u00e9t\u00e9 arr\u00eat\u00e9e pour aujourd\u2019hui mercredi 10 juillet.\u00a0<\/div>\n<\/div>\n<p>Auteur: Nadine<br \/>\n<a href=\"https:\/\/www.reflexiondz.net\/PRESIDENCE-DE-L-APN-Les-deputes-FLN-designent-Mohamed-Djemai_a56496.html\">Cliquez ici pour lire l&rsquo;article depuis sa source.<\/a><\/p>\n","protected":false},"excerpt":{"rendered":"<p>Le groupe parlementaire du Front de lib\u00e9ration nationale (FLN) a d\u00e9sign\u00e9 Mohamed Djemai, lors d\u2019une r\u00e9union tenue ce mardi au si\u00e8ge du parti \u00e0 Alger, comme candidat pour succ\u00e9der \u00e0 Mouad Bouchareb \u00e0 la t\u00eate de l\u2019Assembl\u00e9e populaire nationale (APN). Selon Ennahar qui cite le pr\u00e9sident du groupe parlementaire, les d\u00e9put\u00e9s de l\u2019ex parti unique [&hellip;]<\/p>\n","protected":false},"author":1740,"featured_media":0,"comment_status":"closed","ping_status":"closed","sticky":false,"template":"","format":"standard","meta":{"fifu_image_url":"","fifu_image_alt":"","footnotes":""},"categories":[53,76],"tags":[],"class_list":["post-45290","post","type-post","status-publish","format-standard","hentry","category-algerie","category-regions"],"_links":{"self":[{"href":"https:\/\/linitiative.ca\/International\/wp-json\/wp\/v2\/posts\/45290","targetHints":{"allow":["GET"]}}],"collection":[{"href":"https:\/\/linitiative.ca\/International\/wp-json\/wp\/v2\/posts"}],"about":[{"href":"https:\/\/linitiative.ca\/International\/wp-json\/wp\/v2\/types\/post"}],"author":[{"embeddable":true,"href":"https:\/\/linitiative.ca\/International\/wp-json\/wp\/v2\/users\/1740"}],"replies":[{"embeddable":true,"href":"https:\/\/linitiative.ca\/International\/wp-json\/wp\/v2\/comments?post=45290"}],"version-history":[{"count":0,"href":"https:\/\/linitiative.ca\/International\/wp-json\/wp\/v2\/posts\/45290\/revisions"}],"wp:attachment":[{"href":"https:\/\/linitiative.ca\/International\/wp-json\/wp\/v2\/media?parent=45290"}],"wp:term":[{"taxonomy":"category","embeddable":true,"href":"https:\/\/linitiative.ca\/International\/wp-json\/wp\/v2\/categories?post=45290"},{"taxonomy":"post_tag","embeddable":true,"href":"https:\/\/linitiative.ca\/International\/wp-json\/wp\/v2\/tags?post=45290"}],"curies":[{"name":"wp","href":"https:\/\/api.w.org\/{rel}","templated":true}]}}