{"id":45291,"date":"2019-07-09T14:35:00","date_gmt":"2019-07-09T18:35:00","guid":{"rendered":"https:\/\/linitiative.ca\/International\/remise-en-liberte-de-louisa-hanoune-la-demande-examinee-le-15-juillet\/"},"modified":"2019-07-09T14:35:00","modified_gmt":"2019-07-09T18:35:00","slug":"remise-en-liberte-de-louisa-hanoune-la-demande-examinee-le-15-juillet","status":"publish","type":"post","link":"https:\/\/linitiative.ca\/International\/remise-en-liberte-de-louisa-hanoune-la-demande-examinee-le-15-juillet\/","title":{"rendered":"REMISE EN LIBERTE DE LOUISA HANOUNE : La demande examin\u00e9e  le 15 juillet"},"content":{"rendered":"<p><br id=\"sep_para_1\" class=\"sep_para access\"\/><\/p>\n<div id=\"para_1\" class=\"para_32084660 resize\">\n<div class=\"texte access firstletter\">La demande de remise en libert\u00e9 provisoire de la secr\u00e9taire g\u00e9n\u00e9rale du Parti des Travailleurs (PT), Louisa Hanoune, sera examin\u00e9e de nouveau le 15 juillet par la chambre d\u2019accusation au niveau du tribunal militaire de Blida, rapporte ce mardi 9 juillet 2019 le quotidien Libert\u00e9. Mme Hanoune a \u00e9t\u00e9 plac\u00e9e sous mandat de d\u00e9p\u00f4t pour \u00ab complot ayant pour but de porter atteinte \u00e0 l\u2019autorit\u00e9 du commandant d\u2019une formation militaire \u00bb et \u00ab complot pour changer le r\u00e9gime \u00bb, apr\u00e8s son audition le 9 mai dernier par le juge d\u2019instruction du tribunal militaire de Blida en qualit\u00e9 de t\u00e9moin. Louisa Hanoune a comparu le 19 juin dernier en pr\u00e9sence de son collectif d\u2019avocats devant le juge d\u2019instruction du m\u00eame tribunal qui a d\u00e9cid\u00e9 de la maintenir en d\u00e9tention. Deux jours apr\u00e8s la d\u00e9cision du juge d\u2019instruction de placer Louisa Hanoune sous mandat de d\u00e9p\u00f4t, le Parti des Travailleurs (PT) a d\u00e9nonc\u00e9 son incarc\u00e9ration, en affirmant qu\u2019elle est mise dans un \u00e9tat d\u2019isolement total et priv\u00e9e de toute visite. Pour rappel, Louisa Hanoune a \u00e9t\u00e9 entendue par le juge d\u2019instruction du m\u00eame tribunal dans le cadre de l\u2019enqu\u00eate ouverte contre les deux anciens g\u00e9n\u00e9raux Athmane Tartag et Mohamed Medi\u00e8ne, dit Toufik, ainsi que Sa\u00efd Bouteflika, le fr\u00e8re de l\u2019ancien pr\u00e9sident Abdelaziz Bouteflika.\u00a0\u00a0\u00a0\u00a0\u00a0\u00a0\u00a0\u00a0\u00a0\u00a0\u00a0\u00a0\u00a0\u00a0\u00a0\u00a0\u00a0<\/div>\n<\/div>\n<p>Auteur: Ismain<br \/>\n<a href=\"https:\/\/www.reflexiondz.net\/REMISE-EN-LIBERTE-DE-LOUISA-HANOUNE-La-demande-examinee-le-15-juillet_a56497.html\">Cliquez ici pour lire l&rsquo;article depuis sa source.<\/a><\/p>\n","protected":false},"excerpt":{"rendered":"<p>La demande de remise en libert\u00e9 provisoire de la secr\u00e9taire g\u00e9n\u00e9rale du Parti des Travailleurs (PT), Louisa Hanoune, sera examin\u00e9e de nouveau le 15 juillet par la chambre d\u2019accusation au niveau du tribunal militaire de Blida, rapporte ce mardi 9 juillet 2019 le quotidien Libert\u00e9. Mme Hanoune a \u00e9t\u00e9 plac\u00e9e sous mandat de d\u00e9p\u00f4t pour [&hellip;]<\/p>\n","protected":false},"author":1740,"featured_media":0,"comment_status":"closed","ping_status":"closed","sticky":false,"template":"","format":"standard","meta":{"fifu_image_url":"","fifu_image_alt":"","footnotes":""},"categories":[53,76],"tags":[],"class_list":["post-45291","post","type-post","status-publish","format-standard","hentry","category-algerie","category-regions"],"_links":{"self":[{"href":"https:\/\/linitiative.ca\/International\/wp-json\/wp\/v2\/posts\/45291","targetHints":{"allow":["GET"]}}],"collection":[{"href":"https:\/\/linitiative.ca\/International\/wp-json\/wp\/v2\/posts"}],"about":[{"href":"https:\/\/linitiative.ca\/International\/wp-json\/wp\/v2\/types\/post"}],"author":[{"embeddable":true,"href":"https:\/\/linitiative.ca\/International\/wp-json\/wp\/v2\/users\/1740"}],"replies":[{"embeddable":true,"href":"https:\/\/linitiative.ca\/International\/wp-json\/wp\/v2\/comments?post=45291"}],"version-history":[{"count":0,"href":"https:\/\/linitiative.ca\/International\/wp-json\/wp\/v2\/posts\/45291\/revisions"}],"wp:attachment":[{"href":"https:\/\/linitiative.ca\/International\/wp-json\/wp\/v2\/media?parent=45291"}],"wp:term":[{"taxonomy":"category","embeddable":true,"href":"https:\/\/linitiative.ca\/International\/wp-json\/wp\/v2\/categories?post=45291"},{"taxonomy":"post_tag","embeddable":true,"href":"https:\/\/linitiative.ca\/International\/wp-json\/wp\/v2\/tags?post=45291"}],"curies":[{"name":"wp","href":"https:\/\/api.w.org\/{rel}","templated":true}]}}