{"id":45292,"date":"2019-07-09T14:35:00","date_gmt":"2019-07-09T18:35:00","guid":{"rendered":"https:\/\/linitiative.ca\/International\/khenchela-arrestation-dun-element-de-soutien-aux-terroristes\/"},"modified":"2019-07-09T14:35:00","modified_gmt":"2019-07-09T18:35:00","slug":"khenchela-arrestation-dun-element-de-soutien-aux-terroristes","status":"publish","type":"post","link":"https:\/\/linitiative.ca\/International\/khenchela-arrestation-dun-element-de-soutien-aux-terroristes\/","title":{"rendered":"KHENCHELA : Arrestation d\u2019un \u00e9l\u00e9ment de  soutien aux terroristes"},"content":{"rendered":"<p><br id=\"sep_para_1\" class=\"sep_para access\"\/><\/p>\n<div id=\"para_1\" class=\"para_32084665 resize\">\n<div class=\"texte access firstletter\">Un d\u00e9tachement de l\u2019Arm\u00e9e nationale populaire, en coordination avec des \u00e9l\u00e9ments de la gendarmerie nationale, ont arr\u00eat\u00e9, ce lundi \u00e0 Khenchela (5\u00e8me R\u00e9gion Militaire), un \u00e9l\u00e9ment de soutien aux groupes terroristes, a indiqu\u00e9 un communiqu\u00e9 du Minist\u00e8re de la D\u00e9fense nationale. Dans le cadre de la lutte contre la contrebande et la criminalit\u00e9 organis\u00e9e, un d\u00e9tachement de l\u2019ANP a intercept\u00e9 huit orpailleurs et saisi un groupe \u00e9lectrog\u00e8ne, un marteau piqueur et cinq plaques photovolta\u00efques, alors que 16188 unit\u00e9s de diff\u00e9rentes boissons ont \u00e9t\u00e9 saisies \u00e0 El-Oued (4\u00e8me RM). Par ailleurs, des \u00e9l\u00e9ments de la Gendarmerie Nationale ont d\u00e9jou\u00e9 une tentative d\u2019\u00e9migration clandestine de six personnes et saisi une embarcation de construction artisanale \u00e0 El-Kala (5\u00e8me\u00a0 RM), ajoute la m\u00eame source.\u00a0\u00a0\u00a0\u00a0\u00a0\u00a0\u00a0\u00a0\u00a0\u00a0\u00a0<\/div>\n<\/div>\n<p>Auteur: Ismain<br \/>\n<a href=\"https:\/\/www.reflexiondz.net\/KHENCHELA-Arrestation-d-un-element-de-soutien-aux-terroristes_a56498.html\">Cliquez ici pour lire l&rsquo;article depuis sa source.<\/a><\/p>\n","protected":false},"excerpt":{"rendered":"<p>Un d\u00e9tachement de l\u2019Arm\u00e9e nationale populaire, en coordination avec des \u00e9l\u00e9ments de la gendarmerie nationale, ont arr\u00eat\u00e9, ce lundi \u00e0 Khenchela (5\u00e8me R\u00e9gion Militaire), un \u00e9l\u00e9ment de soutien aux groupes terroristes, a indiqu\u00e9 un communiqu\u00e9 du Minist\u00e8re de la D\u00e9fense nationale. Dans le cadre de la lutte contre la contrebande et la criminalit\u00e9 organis\u00e9e, un [&hellip;]<\/p>\n","protected":false},"author":1740,"featured_media":0,"comment_status":"closed","ping_status":"closed","sticky":false,"template":"","format":"standard","meta":{"fifu_image_url":"","fifu_image_alt":"","footnotes":""},"categories":[53,76],"tags":[],"class_list":["post-45292","post","type-post","status-publish","format-standard","hentry","category-algerie","category-regions"],"_links":{"self":[{"href":"https:\/\/linitiative.ca\/International\/wp-json\/wp\/v2\/posts\/45292","targetHints":{"allow":["GET"]}}],"collection":[{"href":"https:\/\/linitiative.ca\/International\/wp-json\/wp\/v2\/posts"}],"about":[{"href":"https:\/\/linitiative.ca\/International\/wp-json\/wp\/v2\/types\/post"}],"author":[{"embeddable":true,"href":"https:\/\/linitiative.ca\/International\/wp-json\/wp\/v2\/users\/1740"}],"replies":[{"embeddable":true,"href":"https:\/\/linitiative.ca\/International\/wp-json\/wp\/v2\/comments?post=45292"}],"version-history":[{"count":0,"href":"https:\/\/linitiative.ca\/International\/wp-json\/wp\/v2\/posts\/45292\/revisions"}],"wp:attachment":[{"href":"https:\/\/linitiative.ca\/International\/wp-json\/wp\/v2\/media?parent=45292"}],"wp:term":[{"taxonomy":"category","embeddable":true,"href":"https:\/\/linitiative.ca\/International\/wp-json\/wp\/v2\/categories?post=45292"},{"taxonomy":"post_tag","embeddable":true,"href":"https:\/\/linitiative.ca\/International\/wp-json\/wp\/v2\/tags?post=45292"}],"curies":[{"name":"wp","href":"https:\/\/api.w.org\/{rel}","templated":true}]}}