{"id":45293,"date":"2019-07-09T14:38:00","date_gmt":"2019-07-09T18:38:00","guid":{"rendered":"https:\/\/linitiative.ca\/International\/le-maire-r7-et-le-showroom-de-la-salamandre\/"},"modified":"2019-07-09T14:38:00","modified_gmt":"2019-07-09T18:38:00","slug":"le-maire-r7-et-le-showroom-de-la-salamandre","status":"publish","type":"post","link":"https:\/\/linitiative.ca\/International\/le-maire-r7-et-le-showroom-de-la-salamandre\/","title":{"rendered":"Le maire, R+7 et le showroom de la salamandre"},"content":{"rendered":"<p><br id=\"sep_para_1\" class=\"sep_para access\"\/><\/p>\n<div id=\"para_1\" class=\"para_32084710 resize\">\n<div class=\"photo shadow left\"><img decoding=\"async\" class=\"responsive c9\" src=\"https:\/\/www.reflexiondz.net\/photo\/art\/grande\/35462147-32084710.jpg?v=1562698473\" alt=\"Le maire, R+7 et le showroom de la salamandre\" title=\"Le maire, R+7 et le showroom de la salamandre\"\/><img decoding=\"async\" class=\"not-responsive\" src=\"https:\/\/www.reflexiondz.net\/photo\/art\/default\/35462147-32084710.jpg?v=1562698474\" alt=\"Le maire, R+7 et le showroom de la salamandre\" title=\"Le maire, R+7 et le showroom de la salamandre\"\/><\/div>\n<div class=\"texte access firstletter\">Moul Firma, a \u00e9t\u00e9 appel\u00e9 en urgence hier par des jeunes de la cit\u00e9 Les Plateaux \u00e0 Mostaganem pour d\u00e9noncer des agissements douteux d\u2019un promoteur immobilier. Par coup de chance, Moul Firma qui se trouvait chez le m\u00e9canicien du quartier pour d\u00e9panner sa Mazda, profita d\u2019un petit moment pour faire une descente chez eux. Les trouvant regroup\u00e9s \u00e0 quelques m\u00e8tres du si\u00e8ge de la douane du quartier les plateaux, Moul Firma, distinguant quelques uns habill\u00e9s des couleurs nationales, leur demanda les raisons de ce rassemblement surprise, qui ne co\u00efncide pas avec le vendredi du Hirak. L\u2019un des jeunes tout furieux , pointe du doigt une splendide construction en cours, avant de r\u00e9v\u00e9ler \u00e0 Moul Firma, qu\u2019il s\u2019agit d\u2019un projet de promotion immobili\u00e8re, appartenant \u00e0 un certain \u2018\u2019Mohamed\u2019\u2019, pour la r\u00e9alisation d\u2019un immeuble haut standing de R+5, sauf que le promoteur est en train de faire des acrobaties pour modifier le permis de construire pour la r\u00e9alisation d\u2019un R+7 , c\u2019est-\u00e0-dire, faire un ajout de deux \u00e9tages , qui n\u2019est pas conforme au cahier de charge, et pire encore avec les 7 balcons qui cachent la vue aux voisins et d\u00e9figure la belle fa\u00e7ade maritime , les r\u00e9sidents ne vont pas baisser les bras !Mart\u00e8le ce dernier. Une autre personne, un peu \u00e2g\u00e9e, qui a tout l\u2019air d\u2019un retrait\u00e9 de l\u2019Administration, se rapproche de Moul Frima et lui annonce, que pas plus tard que ce matin, le maire est venu en compagnie du repr\u00e9sentant de l\u2019URBOR (Centre d&rsquo;Etude et de R\u00e9alisation en Urbanisme Oran), le maitre d\u2019ouvrage du projet ainsi que le repr\u00e9sentant de la DUC pour tenter de contourner la r\u00e9glementation. S\u2019interrogeant : du moment o\u00f9 la demande du promoteur de modifier le permis de construire pour l\u2019ajout de deux \u00e9tages a \u00e9t\u00e9 rejet\u00e9e par le guichet unique communal, qu\u2019est-ce qui pousse le maire \u00e0 se d\u00e9placer au site du projet pour essayer de r\u00e9gler ce dossier en cachette, alors que la loi est claire, le promoteur d\u00e9savou\u00e9 n\u2019a qu\u2019a introduire un recours devant la commission de la wilaya, comme le stipule la loi, injuriant\u00a0 cet administrateur, avant d\u2019ajouter, il y&rsquo;a anguille sous roche, et les rumeurs d\u2019un appartement, cadeau pour un fils d\u2019un responsable, semblent devenir une r\u00e9alit\u00e9 si le projet passe ! Avant de quitter les manifestants, Moul Firma, confie \u00e0 ce retrait\u00e9, il y\u2019a plus que \u00e7a dans les coulisses de l\u2019APC de Mostaganem ! Avant de vous rejoindre, quelqu\u2019un m\u2019a contact\u00e9 par t\u00e9l\u00e9phone pour m\u2019informer, qu\u2019un particulier propri\u00e9taire d\u2019une villa \u00e0 la salamandre situ\u00e9e en face de la p\u00eacherie, a d\u00e9moli un tr\u00e8s beau mur propri\u00e9t\u00e9 publique communale, construit par la commune pour l\u2019embellissement du front de mer, pour cr\u00e9er des ouvertures sur la fa\u00e7ade donnant sur la route principale , alors , que selon les plans ,cette villa n\u2019a aucune ouverture sur la route principale, son unique fa\u00e7ade se trouve de l\u2019autre c\u00f4t\u00e9 de la rue . Mais, les responsables de la commune ont ferm\u00e9 les yeux sur la d\u00e9molition du mur de la commune et l\u2019ouverture in\u00e9gale de la dite fa\u00e7ade. Aucune d\u00e9molition, aucune plainte n\u2019a \u00e9t\u00e9 enregistr\u00e9e, et l\u2019heureux propri\u00e9taire de la villa a am\u00e9nag\u00e9 des locaux en showrooms, les louant \u00e0 15 millions de cts le local. Pour conclure, Moul Firma dira, le \u2018\u2019mendjel\u2019\u2019 doit faire un tour en urgence \u00e0 Mostaganem, et avant, il doit faire un saut \u00e0 la commune de Mostaganem, pour d\u00e9terrer les dossiers de la vente d\u2019Asil, Royal, et Sahel et r\u00e9ouvrir le dossier de la gestion de la commune, il y a \u00e0 boire et \u00e0 manger !\u00a0\u00a0\u00a0\u00a0\u00a0<\/div>\n<\/div>\n<p>Auteur: R\u00e9flexion<br \/>\n<a href=\"https:\/\/www.reflexiondz.net\/Le-maire-R-7-et-le-showroom-de-la-salamandre_a56501.html\">Cliquez ici pour lire l&rsquo;article depuis sa source.<\/a><\/p>\n","protected":false},"excerpt":{"rendered":"<p>Moul Firma, a \u00e9t\u00e9 appel\u00e9 en urgence hier par des jeunes de la cit\u00e9 Les Plateaux \u00e0 Mostaganem pour d\u00e9noncer des agissements douteux d\u2019un promoteur immobilier. Par coup de chance, Moul Firma qui se trouvait chez le m\u00e9canicien du quartier pour d\u00e9panner sa Mazda, profita d\u2019un petit moment pour faire une descente chez eux. Les [&hellip;]<\/p>\n","protected":false},"author":1740,"featured_media":0,"comment_status":"closed","ping_status":"closed","sticky":false,"template":"","format":"standard","meta":{"fifu_image_url":"","fifu_image_alt":"","footnotes":""},"categories":[53,76],"tags":[],"class_list":["post-45293","post","type-post","status-publish","format-standard","hentry","category-algerie","category-regions"],"_links":{"self":[{"href":"https:\/\/linitiative.ca\/International\/wp-json\/wp\/v2\/posts\/45293","targetHints":{"allow":["GET"]}}],"collection":[{"href":"https:\/\/linitiative.ca\/International\/wp-json\/wp\/v2\/posts"}],"about":[{"href":"https:\/\/linitiative.ca\/International\/wp-json\/wp\/v2\/types\/post"}],"author":[{"embeddable":true,"href":"https:\/\/linitiative.ca\/International\/wp-json\/wp\/v2\/users\/1740"}],"replies":[{"embeddable":true,"href":"https:\/\/linitiative.ca\/International\/wp-json\/wp\/v2\/comments?post=45293"}],"version-history":[{"count":0,"href":"https:\/\/linitiative.ca\/International\/wp-json\/wp\/v2\/posts\/45293\/revisions"}],"wp:attachment":[{"href":"https:\/\/linitiative.ca\/International\/wp-json\/wp\/v2\/media?parent=45293"}],"wp:term":[{"taxonomy":"category","embeddable":true,"href":"https:\/\/linitiative.ca\/International\/wp-json\/wp\/v2\/categories?post=45293"},{"taxonomy":"post_tag","embeddable":true,"href":"https:\/\/linitiative.ca\/International\/wp-json\/wp\/v2\/tags?post=45293"}],"curies":[{"name":"wp","href":"https:\/\/api.w.org\/{rel}","templated":true}]}}