{"id":45294,"date":"2019-07-09T15:11:00","date_gmt":"2019-07-09T19:11:00","guid":{"rendered":"https:\/\/linitiative.ca\/International\/accuse-pour-blanchiment-dargent-au-maroc-et-en-algerie-un-presidentiable-tunisien-sous-istn\/"},"modified":"2019-07-09T15:11:00","modified_gmt":"2019-07-09T19:11:00","slug":"accuse-pour-blanchiment-dargent-au-maroc-et-en-algerie-un-presidentiable-tunisien-sous-istn","status":"publish","type":"post","link":"https:\/\/linitiative.ca\/International\/accuse-pour-blanchiment-dargent-au-maroc-et-en-algerie-un-presidentiable-tunisien-sous-istn\/","title":{"rendered":"ACCUSE POUR BLANCHIMENT D\u2019ARGENT AU MAROC ET EN ALGERIE : Un pr\u00e9sidentiable tunisien, sous ISTN"},"content":{"rendered":"<p><br id=\"sep_para_1\" class=\"sep_para access\"\/><\/p>\n<div id=\"para_1\" class=\"para_32085057 resize\">\n<div class=\"photo shadow left\"><a href=\"javascript:void(0)\" rel=\"https:\/\/www.reflexiondz.net\/photo\/art\/grande\/35463308-32085057.jpg?v=1562701406&#038;ibox\" title=\"ACCUSE POUR BLANCHIMENT D\u2019ARGENT AU MAROC ET EN ALGERIE : Un pr\u00e9sidentiable tunisien, sous ISTN\"><img decoding=\"async\" class=\"responsive c9\" src=\"https:\/\/www.reflexiondz.net\/photo\/art\/grande\/35463308-32085057.jpg?v=1562701406\" alt=\"ACCUSE POUR BLANCHIMENT D\u2019ARGENT AU MAROC ET EN ALGERIE : Un pr\u00e9sidentiable tunisien, sous ISTN\" title=\"ACCUSE POUR BLANCHIMENT D\u2019ARGENT AU MAROC ET EN ALGERIE : Un pr\u00e9sidentiable tunisien, sous ISTN\"\/><img decoding=\"async\" class=\"not-responsive\" src=\"https:\/\/www.reflexiondz.net\/photo\/art\/default\/35463308-32085057.jpg?v=1562701408\" alt=\"ACCUSE POUR BLANCHIMENT D\u2019ARGENT AU MAROC ET EN ALGERIE : Un pr\u00e9sidentiable tunisien, sous ISTN\" title=\"ACCUSE POUR BLANCHIMENT D\u2019ARGENT AU MAROC ET EN ALGERIE : Un pr\u00e9sidentiable tunisien, sous ISTN\"\/><\/a><\/div>\n<div class=\"texte access firstletter\">L\u2019homme d&rsquo;affaires \u00e9tait vis\u00e9 par une instruction judiciaire du p\u00f4le financier depuis 2017, apr\u00e8s que l&rsquo;ONG anti-corruption I-Watch a d\u00e9pos\u00e9 un dossier l&rsquo;accusant de fraude fiscale et blanchiment d\u2019argent en Alg\u00e9rie, au Maroc et au Luxembourg. Des commissions rogatoires ont \u00e9t\u00e9 mises en place afin d&rsquo;enqu\u00eater sur les activit\u00e9s de sa soci\u00e9t\u00e9 \u00e0 l&rsquo;\u00e9tranger et les investigations sont toujours en cours. Des investigations sur les activit\u00e9s de leur soci\u00e9t\u00e9 \u00e0 l&rsquo;\u00e9tranger sont toujours en cours dans le cadre de l&rsquo;enqu\u00eate. Donn\u00e9 favori par le dernier sondage du cabinet Sigma Conseil en juin, le candidat \u00e0 la pr\u00e9sidentielle tunisienne, crie au complot politique qui vise \u00e0 l\u2019\u00e9carter de la course.\u00a0\u00a0 Karoui, qui avait \u00e9t\u00e9 tr\u00e8s actif pour l&rsquo;\u00e9lection du pr\u00e9sident B\u00e9ji Ca\u00efd Essbsi en 2014, est aujourd&rsquo;hui un adversaire de taille pour le Premier ministre Youssef Chahed. Le parti de M. Karoui a accus\u00e9 M. Chahed et la formation d&rsquo;inspiration islamiste Ennahdha qui soutient son gouvernement, d&rsquo;utiliser \u00ab\u00a0de mani\u00e8re \u00e9hont\u00e9e les institutions et moyens de l&rsquo;Etat dans le but d&rsquo;\u00e9liminer des adversaires politiques\u00a0\u00bb. Il a appel\u00e9 le Premier ministre \u00e0 d\u00e9missionner s&rsquo;il compte se pr\u00e9senter.<\/div>\n<\/div>\n<p>Auteur: Ismain<br \/>\n<a href=\"https:\/\/www.reflexiondz.net\/ACCUSE-POUR-BLANCHIMENT-D-ARGENT-AU-MAROC-ET-EN-ALGERIE-Un-presidentiable-tunisien-sous-ISTN_a56502.html\">Cliquez ici pour lire l&rsquo;article depuis sa source.<\/a><\/p>\n","protected":false},"excerpt":{"rendered":"<p>L\u2019homme d&rsquo;affaires \u00e9tait vis\u00e9 par une instruction judiciaire du p\u00f4le financier depuis 2017, apr\u00e8s que l&rsquo;ONG anti-corruption I-Watch a d\u00e9pos\u00e9 un dossier l&rsquo;accusant de fraude fiscale et blanchiment d\u2019argent en Alg\u00e9rie, au Maroc et au Luxembourg. Des commissions rogatoires ont \u00e9t\u00e9 mises en place afin d&rsquo;enqu\u00eater sur les activit\u00e9s de sa soci\u00e9t\u00e9 \u00e0 l&rsquo;\u00e9tranger et [&hellip;]<\/p>\n","protected":false},"author":1740,"featured_media":0,"comment_status":"closed","ping_status":"closed","sticky":false,"template":"","format":"standard","meta":{"fifu_image_url":"","fifu_image_alt":"","footnotes":""},"categories":[53,76],"tags":[],"class_list":["post-45294","post","type-post","status-publish","format-standard","hentry","category-algerie","category-regions"],"_links":{"self":[{"href":"https:\/\/linitiative.ca\/International\/wp-json\/wp\/v2\/posts\/45294","targetHints":{"allow":["GET"]}}],"collection":[{"href":"https:\/\/linitiative.ca\/International\/wp-json\/wp\/v2\/posts"}],"about":[{"href":"https:\/\/linitiative.ca\/International\/wp-json\/wp\/v2\/types\/post"}],"author":[{"embeddable":true,"href":"https:\/\/linitiative.ca\/International\/wp-json\/wp\/v2\/users\/1740"}],"replies":[{"embeddable":true,"href":"https:\/\/linitiative.ca\/International\/wp-json\/wp\/v2\/comments?post=45294"}],"version-history":[{"count":0,"href":"https:\/\/linitiative.ca\/International\/wp-json\/wp\/v2\/posts\/45294\/revisions"}],"wp:attachment":[{"href":"https:\/\/linitiative.ca\/International\/wp-json\/wp\/v2\/media?parent=45294"}],"wp:term":[{"taxonomy":"category","embeddable":true,"href":"https:\/\/linitiative.ca\/International\/wp-json\/wp\/v2\/categories?post=45294"},{"taxonomy":"post_tag","embeddable":true,"href":"https:\/\/linitiative.ca\/International\/wp-json\/wp\/v2\/tags?post=45294"}],"curies":[{"name":"wp","href":"https:\/\/api.w.org\/{rel}","templated":true}]}}