{"id":45295,"date":"2019-07-09T15:13:00","date_gmt":"2019-07-09T19:13:00","guid":{"rendered":"https:\/\/linitiative.ca\/International\/transfert-dargent-depuis-lalgerie-vers-le-canada-un-depute-canadien-alerte-le-ministre-des-finances\/"},"modified":"2019-07-09T15:13:00","modified_gmt":"2019-07-09T19:13:00","slug":"transfert-dargent-depuis-lalgerie-vers-le-canada-un-depute-canadien-alerte-le-ministre-des-finances","status":"publish","type":"post","link":"https:\/\/linitiative.ca\/International\/transfert-dargent-depuis-lalgerie-vers-le-canada-un-depute-canadien-alerte-le-ministre-des-finances\/","title":{"rendered":"TRANSFERT D\u2019ARGENT DEPUIS L\u2019ALGERIE VERS LE CANADA : Un d\u00e9put\u00e9 canadien alerte le ministre des finances"},"content":{"rendered":"<p><br id=\"sep_para_1\" class=\"sep_para access\"\/><\/p>\n<div id=\"para_1\" class=\"para_32085079 resize\">\n<div class=\"photo shadow left\"><a href=\"javascript:void(0)\" rel=\"https:\/\/www.reflexiondz.net\/photo\/art\/grande\/35463356-32085079.jpg?v=1562701507&#038;ibox\" title=\"TRANSFERT D\u2019ARGENT DEPUIS L\u2019ALGERIE VERS LE CANADA : Un d\u00e9put\u00e9 canadien alerte le ministre des finances\"><img decoding=\"async\" class=\"responsive c9\" src=\"https:\/\/www.reflexiondz.net\/photo\/art\/grande\/35463356-32085079.jpg?v=1562701507\" alt=\"TRANSFERT D\u2019ARGENT DEPUIS L\u2019ALGERIE VERS LE CANADA : Un d\u00e9put\u00e9 canadien alerte le ministre des finances\" title=\"TRANSFERT D\u2019ARGENT DEPUIS L\u2019ALGERIE VERS LE CANADA : Un d\u00e9put\u00e9 canadien alerte le ministre des finances\"\/><img decoding=\"async\" class=\"not-responsive\" src=\"https:\/\/www.reflexiondz.net\/photo\/art\/default\/35463356-32085079.jpg?v=1562701508\" alt=\"TRANSFERT D\u2019ARGENT DEPUIS L\u2019ALGERIE VERS LE CANADA : Un d\u00e9put\u00e9 canadien alerte le ministre des finances\" title=\"TRANSFERT D\u2019ARGENT DEPUIS L\u2019ALGERIE VERS LE CANADA : Un d\u00e9put\u00e9 canadien alerte le ministre des finances\"\/><\/a><\/div>\n<div class=\"texte access firstletter\">Un d\u00e9put\u00e9 canadien a saisi et alert\u00e9 le ministre des finances du Canada sur le transfert d\u2019importantes sommes d\u2019argent par la classe politique alg\u00e9rienne qui se pr\u00e9pare \u00e0 un exil imminent, et ce, depuis le soul\u00e8vement populaire ayant donn\u00e9 lieu \u00e0 des changements politiques, soci\u00e9taux et institutionnels. \u00ab Je vous \u00e9cris aujourd\u2019hui pour vous faire part d\u2019une situation pr\u00e9occupante qui n\u00e9cessite votre attention et votre vigilance \u00bb, a \u00e9crit le membre du parlement de l\u2019Etat de Sherbrooke, dans une correspondance adress\u00e9e au ministre des finances William Francis Moreau. Le d\u00e9put\u00e9 a alert\u00e9 sur le transfert d\u2019importantes sommes d\u2019argent qui seraient transf\u00e9r\u00e9es particuli\u00e8rement vers l\u2019Etat du Qu\u00e9bec. \u00ab Il m\u2019a \u00e9t\u00e9 rapport\u00e9 que depuis que des grands changements politiques et soci\u00e9taux et institutionnels sont r\u00e9clam\u00e9s par les soul\u00e8vements populaires du peuple alg\u00e9rien au cours des derniers mois, il y aurait d\u2019importantes sommes d\u2019argent qui seraient envoy\u00e9es au Canada, particuli\u00e8rement au Qu\u00e9bec. \u00bb Le m\u00eame responsable a pr\u00e9cis\u00e9 que \u00ab ces mouvements financiers sont majoritairement faits par la classe politique et dirigeante alg\u00e9rienne actuelle, qui se pr\u00e9pare \u00e0 un exil imminent. \u00bb Dans sa correspondance, Pierre-Luc Dusseault, a demand\u00e9 au ministre des finances porter une attention particuli\u00e8re aux transferts internationaux vers le Canada en provenance de l\u2019Alg\u00e9rie. \u00ab En votre qualit\u00e9 de ministre des Finances, vous avez le devoir de veiller \u00e0 l\u2019int\u00e9grit\u00e9 du r\u00e9gime financier canadien et de lutter contre le blanchiment d\u2019argent. Je vous demande donc aujourd\u2019hui de porter une attention particuli\u00e8re aux transferts internationaux vers le Canada de sommes d\u2019argent importantes en provenance de l\u2019Alg\u00e9rie ou de ressortissants alg\u00e9riens \u00bb, a-t-il \u00e9crit \u00e0 l\u2019adresse de William Francis Moreau.\u00a0\u00a0\u00a0\u00a0\u00a0\u00a0\u00a0\u00a0\u00a0<\/div>\n<\/div>\n<p>Auteur: Ismain<br \/>\n<a href=\"https:\/\/www.reflexiondz.net\/TRANSFERT-D-ARGENT-DEPUIS-L-ALGERIE-VERS-LE-CANADA-Un-depute-canadien-alerte-le-ministre-des-finances_a56503.html\">Cliquez ici pour lire l&rsquo;article depuis sa source.<\/a><\/p>\n","protected":false},"excerpt":{"rendered":"<p>Un d\u00e9put\u00e9 canadien a saisi et alert\u00e9 le ministre des finances du Canada sur le transfert d\u2019importantes sommes d\u2019argent par la classe politique alg\u00e9rienne qui se pr\u00e9pare \u00e0 un exil imminent, et ce, depuis le soul\u00e8vement populaire ayant donn\u00e9 lieu \u00e0 des changements politiques, soci\u00e9taux et institutionnels. \u00ab Je vous \u00e9cris aujourd\u2019hui pour vous faire [&hellip;]<\/p>\n","protected":false},"author":1740,"featured_media":0,"comment_status":"closed","ping_status":"closed","sticky":false,"template":"","format":"standard","meta":{"fifu_image_url":"","fifu_image_alt":"","footnotes":""},"categories":[53,76],"tags":[],"class_list":["post-45295","post","type-post","status-publish","format-standard","hentry","category-algerie","category-regions"],"_links":{"self":[{"href":"https:\/\/linitiative.ca\/International\/wp-json\/wp\/v2\/posts\/45295","targetHints":{"allow":["GET"]}}],"collection":[{"href":"https:\/\/linitiative.ca\/International\/wp-json\/wp\/v2\/posts"}],"about":[{"href":"https:\/\/linitiative.ca\/International\/wp-json\/wp\/v2\/types\/post"}],"author":[{"embeddable":true,"href":"https:\/\/linitiative.ca\/International\/wp-json\/wp\/v2\/users\/1740"}],"replies":[{"embeddable":true,"href":"https:\/\/linitiative.ca\/International\/wp-json\/wp\/v2\/comments?post=45295"}],"version-history":[{"count":0,"href":"https:\/\/linitiative.ca\/International\/wp-json\/wp\/v2\/posts\/45295\/revisions"}],"wp:attachment":[{"href":"https:\/\/linitiative.ca\/International\/wp-json\/wp\/v2\/media?parent=45295"}],"wp:term":[{"taxonomy":"category","embeddable":true,"href":"https:\/\/linitiative.ca\/International\/wp-json\/wp\/v2\/categories?post=45295"},{"taxonomy":"post_tag","embeddable":true,"href":"https:\/\/linitiative.ca\/International\/wp-json\/wp\/v2\/tags?post=45295"}],"curies":[{"name":"wp","href":"https:\/\/api.w.org\/{rel}","templated":true}]}}