{"id":45296,"date":"2019-07-09T15:14:00","date_gmt":"2019-07-09T19:14:00","guid":{"rendered":"https:\/\/linitiative.ca\/International\/bensalah-limoge-le-consul-dalgerie-a-marseille\/"},"modified":"2019-07-09T15:14:00","modified_gmt":"2019-07-09T19:14:00","slug":"bensalah-limoge-le-consul-dalgerie-a-marseille","status":"publish","type":"post","link":"https:\/\/linitiative.ca\/International\/bensalah-limoge-le-consul-dalgerie-a-marseille\/","title":{"rendered":"Bensalah limoge le Consul d\u2019Alg\u00e9rie \u00e0 Marseille"},"content":{"rendered":"<p><br id=\"sep_para_1\" class=\"sep_para access\"\/><\/p>\n<div id=\"para_1\" class=\"para_32085104 resize\">\n<div class=\"photo shadow left\"><a href=\"javascript:void(0)\" rel=\"https:\/\/www.reflexiondz.net\/photo\/art\/grande\/35463416-32085104.jpg?v=1562701560&#038;ibox\" title=\"Bensalah limoge le Consul d\u2019Alg\u00e9rie \u00e0 Marseille\"><img decoding=\"async\" class=\"responsive c9\" src=\"https:\/\/www.reflexiondz.net\/photo\/art\/grande\/35463416-32085104.jpg?v=1562701560\" alt=\"Bensalah limoge le Consul d\u2019Alg\u00e9rie \u00e0 Marseille\" title=\"Bensalah limoge le Consul d\u2019Alg\u00e9rie \u00e0 Marseille\"\/><img decoding=\"async\" class=\"not-responsive\" src=\"https:\/\/www.reflexiondz.net\/photo\/art\/default\/35463416-32085104.jpg?v=1562701563\" alt=\"Bensalah limoge le Consul d\u2019Alg\u00e9rie \u00e0 Marseille\" title=\"Bensalah limoge le Consul d\u2019Alg\u00e9rie \u00e0 Marseille\"\/><\/a><\/div>\n<div class=\"texte access firstletter\">Le Chef de l\u2019Etat Abdelkader Bensalah a limog\u00e9 le Consul g\u00e9n\u00e9ral d\u2019Alg\u00e9rie \u00e0 Marseille (France), Boudjema\u00e2 Rouibah, a rapport\u00e9 ce mardi 9 juillet la t\u00e9l\u00e9vision publique. Nomm\u00e9 en mai 2016 \u00e0 la t\u00eate du Consulat d\u2019Alg\u00e9rie \u00e0 Marseille, une ville fran\u00e7aise o\u00f9 une forte communaut\u00e9 alg\u00e9rienne est \u00e9tablie, Boudjema\u00e2 Rouibah a \u00e9t\u00e9 d\u00e9mis hier mardi de ses fonctions. Avant d\u2019\u00eatre nomm\u00e9 \u00e0 Marseille, ce dernier \u00e9tait Consul g\u00e9n\u00e9ral \u00e0 Lille, il avait occup\u00e9 le poste de\u00a0 Wali \u00e0 El-Tarf.<br \/>\u00a0<\/div>\n<\/div>\n<p>Auteur: R\u00e9flexion<br \/>\n<a href=\"https:\/\/www.reflexiondz.net\/Bensalah-limoge-le-Consul-d-Algerie-a-Marseille_a56504.html\">Cliquez ici pour lire l&rsquo;article depuis sa source.<\/a><\/p>\n","protected":false},"excerpt":{"rendered":"<p>Le Chef de l\u2019Etat Abdelkader Bensalah a limog\u00e9 le Consul g\u00e9n\u00e9ral d\u2019Alg\u00e9rie \u00e0 Marseille (France), Boudjema\u00e2 Rouibah, a rapport\u00e9 ce mardi 9 juillet la t\u00e9l\u00e9vision publique. Nomm\u00e9 en mai 2016 \u00e0 la t\u00eate du Consulat d\u2019Alg\u00e9rie \u00e0 Marseille, une ville fran\u00e7aise o\u00f9 une forte communaut\u00e9 alg\u00e9rienne est \u00e9tablie, Boudjema\u00e2 Rouibah a \u00e9t\u00e9 d\u00e9mis hier mardi [&hellip;]<\/p>\n","protected":false},"author":1740,"featured_media":0,"comment_status":"closed","ping_status":"closed","sticky":false,"template":"","format":"standard","meta":{"fifu_image_url":"","fifu_image_alt":"","footnotes":""},"categories":[53,76],"tags":[],"class_list":["post-45296","post","type-post","status-publish","format-standard","hentry","category-algerie","category-regions"],"_links":{"self":[{"href":"https:\/\/linitiative.ca\/International\/wp-json\/wp\/v2\/posts\/45296","targetHints":{"allow":["GET"]}}],"collection":[{"href":"https:\/\/linitiative.ca\/International\/wp-json\/wp\/v2\/posts"}],"about":[{"href":"https:\/\/linitiative.ca\/International\/wp-json\/wp\/v2\/types\/post"}],"author":[{"embeddable":true,"href":"https:\/\/linitiative.ca\/International\/wp-json\/wp\/v2\/users\/1740"}],"replies":[{"embeddable":true,"href":"https:\/\/linitiative.ca\/International\/wp-json\/wp\/v2\/comments?post=45296"}],"version-history":[{"count":0,"href":"https:\/\/linitiative.ca\/International\/wp-json\/wp\/v2\/posts\/45296\/revisions"}],"wp:attachment":[{"href":"https:\/\/linitiative.ca\/International\/wp-json\/wp\/v2\/media?parent=45296"}],"wp:term":[{"taxonomy":"category","embeddable":true,"href":"https:\/\/linitiative.ca\/International\/wp-json\/wp\/v2\/categories?post=45296"},{"taxonomy":"post_tag","embeddable":true,"href":"https:\/\/linitiative.ca\/International\/wp-json\/wp\/v2\/tags?post=45296"}],"curies":[{"name":"wp","href":"https:\/\/api.w.org\/{rel}","templated":true}]}}