{"id":45303,"date":"2019-07-09T16:27:17","date_gmt":"2019-07-09T20:27:17","guid":{"rendered":"https:\/\/linitiative.ca\/International\/tlemcen-deux-universitaires-mis-en-prison-pour-outrage-a-corps-constitue\/"},"modified":"2019-07-09T16:27:17","modified_gmt":"2019-07-09T20:27:17","slug":"tlemcen-deux-universitaires-mis-en-prison-pour-outrage-a-corps-constitue","status":"publish","type":"post","link":"https:\/\/linitiative.ca\/International\/tlemcen-deux-universitaires-mis-en-prison-pour-outrage-a-corps-constitue\/","title":{"rendered":"Tlemcen : Deux universitaires mis en prison pour outrage \u00e0 corps constitu\u00e9"},"content":{"rendered":"<h4 class=\"title-14\"\/>\n<div class=\"featured_image\"><img width=\"493\" height=\"212\" data-cfsrc=\"https:\/\/www.elwatan.com\/wp-content\/uploads\/2019\/07\/tlemecen-hirak.jpg\" class=\"attachment-post-thumbnail size-post-thumbnail wp-post-image c1\" alt=\"\" srcset=\"https:\/\/www.elwatan.com\/wp-content\/uploads\/2019\/07\/tlemecen-hirak.jpg 493w, https:\/\/www.elwatan.com\/wp-content\/uploads\/2019\/07\/tlemecen-hirak-300x129.jpg 300w\" sizes=\"(max-width: 493px) 100vw, 493px\"\/><noscript><\/p>\n<p><img loading=\"lazy\" decoding=\"async\" width=\"493\" height=\"212\" src=\"https:\/\/www.elwatan.com\/wp-content\/uploads\/2019\/07\/tlemecen-hirak.jpg\" class=\"attachment-post-thumbnail size-post-thumbnail wp-post-image\" alt=\"\" srcset=\"https:\/\/www.elwatan.com\/wp-content\/uploads\/2019\/07\/tlemecen-hirak.jpg 493w, https:\/\/www.elwatan.com\/wp-content\/uploads\/2019\/07\/tlemecen-hirak-300x129.jpg 300w\" sizes=\"auto, (max-width: 493px) 100vw, 493px\"\/><\/p>\n<p><\/noscript> <span class=\"featured-image-caption\">Abdelmadjid Benhabib et Issam Missoum, membres tr\u00e8s actifs du hirak \u00e0 Tlemcen.<\/span><\/div>\n<p>Deux universitaires et membres tr\u00e8s actifs du hirak, \u00a0Abdelmadjid Benhabib et Issam Missoum, ont \u00e9t\u00e9 mis, hier, en d\u00e9tention pr\u00e9ventive pour, selon la ligue alg\u00e9rienne pour la d\u00e9fense des droits de l\u2019homme, bureau de Tlemcen, \u00ab\u00a0outrage \u00e0 un corps constitu\u00e9\u00bb et pour avoir particip\u00e9 \u00e0 \u00abaffaiblir le moral de l\u2019Arm\u00e9e nationale populaire\u00bb en vertu des articles 75, 144 et 146 du code p\u00e9nal.<\/p>\n<p>Faleh Hammoudi, de ladite ligue estime que \u00ab\u00a0c\u2019est le manque d\u2019ouverture et de dialogue vrai et r\u00e9el qui engendre ce genre d\u2019expressions. Les gens sont devant un mur de silence et parfois, des d\u00e9clarations comme celles la, sont sorties de la bouche de gens qui ne voient pas de solution \u00e0 la crise que nous vivons, ce sont des cris de col\u00e8re\u2026\u00a0\u00bb<\/p>\n<p>Les reproches faits aux deux universitaires sont des \u00e9crits sur les r\u00e9seaux sociaux, notamment facebook. \u00ab\u00a0Yatnahaw Ga3, c\u2019est une r\u00e9volution (en parlant du mouvement populaire) avec des commentaires o\u00f9 le professeur Benhabib d\u00e9clare \u00ab\u00a0je ne dialogue qu\u2019avec les \u00e9tudiants concernant la fin des conf\u00e9rences sur les examens, comme je continuerai \u00e0 sensibiliser les \u00e9tudiants sur le hirak qui est une r\u00e9volution et non une crise comme le pr\u00e9tendent les m\u00e9dias\u2026 Il a \u00e9crit, entre autres, ne pas reconna\u00eetre les diff\u00e9rentes institutions de l\u2019universit\u00e9 (facult\u00e9 de psychologie, doyen, recteur et\u2026 le pouvoir criminel qui g\u00e8re le pays\u2026\u00a0\u00bb<\/p>\n<p>Leurs familles et la ligue sont inquiets pour les deux citoyens qui, selon M. Faleh, sont \u00ab\u00a0incarc\u00e9r\u00e9s pour d\u00e9lit d\u2019opinion\u00a0\u00bb<\/p>\n<p>En fait, si l\u2019on a bien compris, les deux universitaires sont poursuivis pour les m\u00eames d\u00e9lits que le moudjahid Lakhdar Bourega\u00e2.<\/p>\n<p><span class=\"post-views-label\">Post Views:<\/span> <span class=\"post-views-count\">296<\/span><\/p>\n<p>Auteur: Farouk Djouadi<br \/>\n<a href=\"https:\/\/www.elwatan.com\/edition\/actualite\/tlemcen-deux-universitaires-mis-en-prison-pour-outrage-a-corps-constitue-09-07-2019\">Cliquez ici pour lire l&rsquo;article depuis sa source.<\/a><\/p>\n","protected":false},"excerpt":{"rendered":"<p>Abdelmadjid Benhabib et Issam Missoum, membres tr\u00e8s actifs du hirak \u00e0 Tlemcen. Deux universitaires et membres tr\u00e8s actifs du hirak, \u00a0Abdelmadjid Benhabib et Issam Missoum, ont \u00e9t\u00e9 mis, hier, en d\u00e9tention pr\u00e9ventive pour, selon la ligue alg\u00e9rienne pour la d\u00e9fense des droits de l\u2019homme, bureau de Tlemcen, \u00ab\u00a0outrage \u00e0 un corps constitu\u00e9\u00bb et pour avoir [&hellip;]<\/p>\n","protected":false},"author":1743,"featured_media":45304,"comment_status":"closed","ping_status":"closed","sticky":false,"template":"","format":"standard","meta":{"fifu_image_url":"","fifu_image_alt":"","footnotes":""},"categories":[73,53],"tags":[],"class_list":["post-45303","post","type-post","status-publish","format-standard","has-post-thumbnail","hentry","category-actualite","category-algerie"],"_links":{"self":[{"href":"https:\/\/linitiative.ca\/International\/wp-json\/wp\/v2\/posts\/45303","targetHints":{"allow":["GET"]}}],"collection":[{"href":"https:\/\/linitiative.ca\/International\/wp-json\/wp\/v2\/posts"}],"about":[{"href":"https:\/\/linitiative.ca\/International\/wp-json\/wp\/v2\/types\/post"}],"author":[{"embeddable":true,"href":"https:\/\/linitiative.ca\/International\/wp-json\/wp\/v2\/users\/1743"}],"replies":[{"embeddable":true,"href":"https:\/\/linitiative.ca\/International\/wp-json\/wp\/v2\/comments?post=45303"}],"version-history":[{"count":0,"href":"https:\/\/linitiative.ca\/International\/wp-json\/wp\/v2\/posts\/45303\/revisions"}],"wp:featuredmedia":[{"embeddable":true,"href":"https:\/\/linitiative.ca\/International\/wp-json\/"}],"wp:attachment":[{"href":"https:\/\/linitiative.ca\/International\/wp-json\/wp\/v2\/media?parent=45303"}],"wp:term":[{"taxonomy":"category","embeddable":true,"href":"https:\/\/linitiative.ca\/International\/wp-json\/wp\/v2\/categories?post=45303"},{"taxonomy":"post_tag","embeddable":true,"href":"https:\/\/linitiative.ca\/International\/wp-json\/wp\/v2\/tags?post=45303"}],"curies":[{"name":"wp","href":"https:\/\/api.w.org\/{rel}","templated":true}]}}