{"id":45320,"date":"2019-07-09T08:02:36","date_gmt":"2019-07-09T12:02:36","guid":{"rendered":"https:\/\/linitiative.ca\/International\/ziyech-vs-talbi-alami-hakim-met-fin-au-quiproquo\/"},"modified":"2019-07-09T08:02:36","modified_gmt":"2019-07-09T12:02:36","slug":"ziyech-vs-talbi-alami-hakim-met-fin-au-quiproquo","status":"publish","type":"post","link":"https:\/\/linitiative.ca\/International\/ziyech-vs-talbi-alami-hakim-met-fin-au-quiproquo\/","title":{"rendered":"Ziyech VS Talbi Alami : Hakim met fin au quiproquo !"},"content":{"rendered":"<p><strong>L\u2019international marocain Hakim Ziyech a r\u00e9agi \u00e0 nouveau sur Instagram. Il s\u2019est excus\u00e9 aupr\u00e8s du ministre de la Jeunesse et des Sports Rachid Talbi Alami, pour mettre fin \u00e0 la guerre entre eux, en consid\u00e9rant que ce qui s\u2019est pass\u00e9 hier n\u2019\u00e9tait qu\u2019un malentendu.<\/strong><\/p>\n<div class=\"c10\"\/>\n<p>Ziyech a publi\u00e9 une story sur son compte Instagram, dans laquelle il a affirm\u00e9 avoir mal interpr\u00e9t\u00e9 les paroles de Talbi Alami et qu\u2019il y avait eu un malentendu entre les deux parties. Notons que Rachid Talbi Alami a d\u00e9clar\u00e9, lors de la s\u00e9ance pl\u00e9ni\u00e8re de la chambre des repr\u00e9sentants tenue lundi \u00e0 Rabat, que le meneur de jeu des Lions de l\u2019Atlas s\u2019appr\u00eatait \u00e0 \u201cmettre fin\u201d \u00e0 son aventure avec les Lions apr\u00e8s l\u2019\u00e9limination en 8e de finale de la CAN 2019.<\/p>\n<p><img loading=\"lazy\" decoding=\"async\" class=\"alignnone size-full wp-image-112442\" src=\"https:\/\/www.challenge.ma\/wp-content\/uploads\/2019\/07\/ziyech.png\" alt=\"\" width=\"540\" height=\"960\" srcset=\"https:\/\/www.challenge.ma\/wp-content\/uploads\/2019\/07\/ziyech.png 540w, https:\/\/www.challenge.ma\/wp-content\/uploads\/2019\/07\/ziyech-169x300.png 169w, https:\/\/www.challenge.ma\/wp-content\/uploads\/2019\/07\/ziyech-360x640.png 360w\" sizes=\"auto, (max-width: 540px) 100vw, 540px\"\/><\/p>\n<p>Lire aussi: <a href=\"https:\/\/www.challenge.ma\/can-2019-hakim-ziyech-stop-laventure-des-lions-de-latlas-112254\/\" target=\"_blank\" rel=\"noopener noreferrer\">CAN 2019 : Hakim Ziyech arr\u00eate l\u2019aventure des lions de l\u2019Atlas<\/a><\/p>\n<p>\u201cVous avez parl\u00e9 de Ziyech. Le joueur ne r\u00e9pond plus au t\u00e9l\u00e9phone et songe \u00e0 arr\u00eater dans ces conditions. C\u2019est un grand joueur, l\u2019un des meilleurs au niveau international. Tout le monde est d\u2019accord sur le fait que Ziyech a jou\u00e9 un grand r\u00f4le au sein de l\u2019\u00e9quipe nationale. Il ne peut pas tout calculer. La temp\u00e9rature avait atteint 33 degr\u00e9s vers 21H. Il a fait ce qu\u2019il fallait faire, mais la balle a touch\u00e9 la barre. Qu\u2019est-ce qu\u2019on fait ? On ne va le condamner \u00e0 mort ? C\u2019est le destin\u201d, avait d\u00e9clar\u00e9 Alami.<\/p>\n<p>Quelques heures apr\u00e8s les d\u00e9clarations de Tabli Alami,\u00a0Ziyech avait publi\u00e9 une story en anglais dans laquelle il avait adress\u00e9 un message direct \u00e0 Talbi Alami. \u201cLa prochaine fois, si vous voulez arriver \u00e0 quelque chose, alors venez avec quelque chose de vrai et sans mensonge\u201d.<\/p>\n<p><img loading=\"lazy\" decoding=\"async\" class=\"alignnone size-full wp-image-112443\" src=\"https:\/\/www.challenge.ma\/wp-content\/uploads\/2019\/07\/talbi.jpg\" alt=\"\" width=\"585\" height=\"988\" srcset=\"https:\/\/www.challenge.ma\/wp-content\/uploads\/2019\/07\/talbi.jpg 585w, https:\/\/www.challenge.ma\/wp-content\/uploads\/2019\/07\/talbi-178x300.jpg 178w, https:\/\/www.challenge.ma\/wp-content\/uploads\/2019\/07\/talbi-360x608.jpg 360w\" sizes=\"auto, (max-width: 585px) 100vw, 585px\"\/><\/p>\n<div class=\"c17\">\n<fieldset class=\"c16\">\n<legend><strong><span class=\"c11\">Challenge<\/span><span class=\"c12\">news<\/span><\/strong><\/legend>\n<div class=\"c15\">Le meilleur de la r\u00e9daction s\u00e9lectionn\u00e9 par Challenge :<\/p>\n<\/div>\n<\/fieldset>\n<\/div>\n<p>Auteur: Hajar DARI<br \/>\n<a href=\"https:\/\/www.challenge.ma\/ziyech-vs-talbi-alami-hakim-met-fin-au-quiproquo-112440\/\">Cliquez ici pour lire l&rsquo;article depuis sa source.<\/a><\/p>\n","protected":false},"excerpt":{"rendered":"<p>L\u2019international marocain Hakim Ziyech a r\u00e9agi \u00e0 nouveau sur Instagram. Il s\u2019est excus\u00e9 aupr\u00e8s du ministre de la Jeunesse et des Sports Rachid Talbi Alami, pour mettre fin \u00e0 la guerre entre eux, en consid\u00e9rant que ce qui s\u2019est pass\u00e9 hier n\u2019\u00e9tait qu\u2019un malentendu. Ziyech a publi\u00e9 une story sur son compte Instagram, dans laquelle [&hellip;]<\/p>\n","protected":false},"author":1787,"featured_media":45321,"comment_status":"closed","ping_status":"closed","sticky":false,"template":"","format":"standard","meta":{"fifu_image_url":"","fifu_image_alt":"","footnotes":""},"categories":[78,54],"tags":[],"class_list":["post-45320","post","type-post","status-publish","format-standard","has-post-thumbnail","hentry","category-economie","category-maroc"],"_links":{"self":[{"href":"https:\/\/linitiative.ca\/International\/wp-json\/wp\/v2\/posts\/45320","targetHints":{"allow":["GET"]}}],"collection":[{"href":"https:\/\/linitiative.ca\/International\/wp-json\/wp\/v2\/posts"}],"about":[{"href":"https:\/\/linitiative.ca\/International\/wp-json\/wp\/v2\/types\/post"}],"author":[{"embeddable":true,"href":"https:\/\/linitiative.ca\/International\/wp-json\/wp\/v2\/users\/1787"}],"replies":[{"embeddable":true,"href":"https:\/\/linitiative.ca\/International\/wp-json\/wp\/v2\/comments?post=45320"}],"version-history":[{"count":0,"href":"https:\/\/linitiative.ca\/International\/wp-json\/wp\/v2\/posts\/45320\/revisions"}],"wp:featuredmedia":[{"embeddable":true,"href":"https:\/\/linitiative.ca\/International\/wp-json\/"}],"wp:attachment":[{"href":"https:\/\/linitiative.ca\/International\/wp-json\/wp\/v2\/media?parent=45320"}],"wp:term":[{"taxonomy":"category","embeddable":true,"href":"https:\/\/linitiative.ca\/International\/wp-json\/wp\/v2\/categories?post=45320"},{"taxonomy":"post_tag","embeddable":true,"href":"https:\/\/linitiative.ca\/International\/wp-json\/wp\/v2\/tags?post=45320"}],"curies":[{"name":"wp","href":"https:\/\/api.w.org\/{rel}","templated":true}]}}