{"id":45324,"date":"2019-07-09T16:51:56","date_gmt":"2019-07-09T20:51:56","guid":{"rendered":"https:\/\/linitiative.ca\/International\/le-hcp-sattend-a-un-recul-de-la-croissance-economique\/"},"modified":"2019-07-09T16:51:56","modified_gmt":"2019-07-09T20:51:56","slug":"le-hcp-sattend-a-un-recul-de-la-croissance-economique","status":"publish","type":"post","link":"https:\/\/linitiative.ca\/International\/le-hcp-sattend-a-un-recul-de-la-croissance-economique\/","title":{"rendered":"Le HCP s\u2019attend \u00e0 un recul de la croissance \u00e9conomique"},"content":{"rendered":"<p><strong>La croissance \u00e9conomique marocaine devrait se situer \u00e0 2,7% en 2019 au lieu de 3% enregistr\u00e9e en 2018, a annonc\u00e9, mardi \u00e0 Casablanca, le Haut-commissaire au Plan (HCP) Ahmed Lahlimi Alami.<\/strong><\/p>\n<div class=\"c10\"\/>\n<p>Ce ralentissement est imputable au repli de 2,1% de la valeur ajout\u00e9e du secteur primaire, ce qui contribuerait n\u00e9gativement \u00e0 la croissance du <strong>produit int\u00e9rieur brut<\/strong> de -0,3 point en 2019 au lieu d\u2019une contribution positive de 0,3 point une ann\u00e9e auparavant, a-t-il expliqu\u00e9 lors d\u2019une conf\u00e9rence de presse d\u00e9di\u00e9e \u00e0 la pr\u00e9sentation de la situation \u00e9conomique nationale en 2019 et ses perspectives en 2020.<\/p>\n<p>Il a, en outre, relev\u00e9 que les activit\u00e9s non agricoles devraient s\u2019accro\u00eetre de 3,2%, en l\u00e9g\u00e8re am\u00e9lioration par rapport \u00e0 2,8% enregistr\u00e9e en 2018, soulignant que ce r\u00e9sultat s\u2019explique essentiellement par un accroissement des activit\u00e9s secondaires de 3,5% au lieu de 3% en 2018. Quant aux activit\u00e9s du secteur tertiaire, elles devraient progresser de 3% au lieu de 2,7% en 2018.<\/p>\n<p>Au niveau du secteur secondaire, les industries de transformation poursuivraient leur reprise, affichant un taux de croissance de pr\u00e8s de 3% en 2019, a indiqu\u00e9 Ahmed Lahlimi, notant que le secteur du b\u00e2timent et travaux publics devrait connaitre une am\u00e9lioration avec une croissance de pr\u00e8s de 1% au lieu de 0,1% en 2018, gr\u00e2ce \u00e0 la poursuite des projets d\u2019infrastructures.<\/p>\n<p>Quant au secteur minier, sa valeur ajout\u00e9e poursuivrait sa consolidation et afficherait un taux de <strong>croissance<\/strong> de 3,9% en 2019 apr\u00e8s 4,7% en 2018 et un net rebondissement de 16,5% en 2017, a t-il ajout\u00e9, faisant savoir que les services marchands devraient progresser de 3% en 2019, en am\u00e9lioration par rapport \u00e0 2,4% enregistr\u00e9 en moyenne entre 2013 et 2018, alors que les services fournis par les administrations publiques d\u00e9gageraient une valeur ajout\u00e9e en hausse de 3,4% apr\u00e8s 2,5% une ann\u00e9e auparavant. Par ailleurs, le Haut-commissaire au Plan a annonc\u00e9 une baisse de l\u2019inflation, exprim\u00e9e par le niveau g\u00e9n\u00e9ral des prix, passant de 1,1 % en 2018 \u00e0 0,8% en 2019.<\/p>\n<p><strong>L\u00e9g\u00e8re baisse de l\u2019\u00e9pargne nationale<\/strong><\/p>\n<p>Concernant le <strong>d\u00e9ficit budg\u00e9taire<\/strong>, Ahmed Lahlimi a r\u00e9v\u00e9l\u00e9 que celui-ci devrait s\u2019accentuer pour atteindre 4,5% du PIB en 2019 contre 3,7% en 2018, faisant remarquer qu\u2019en tenant compte des recettes de la privatisation, ce d\u00e9ficit devrait s\u2019all\u00e9ger \u00e0 3,6% du PIB.<\/p>\n<p>Au sujet de l\u2019<strong>\u00e9pargne nationale<\/strong>, il a estim\u00e9 qu\u2019elle connaitrait une l\u00e9g\u00e8re baisse, passant de 27,6% du PIB en 2018 \u00e0 pr\u00e8s de 27,3% en 2019, relevant que cette \u00e9pargne resterait inf\u00e9rieure \u00e0 l\u2019investissement brut qui serait en recul, passant de 33,5% du PIB en 2018 \u00e0 32,6% en 2019.<\/p>\n<p>Quant \u00e0 la balance des \u00e9changes ext\u00e9rieurs des biens et des services, elle d\u00e9gagerait un d\u00e9ficit commercial rigide \u00e0 la baisse par rapport au <strong>PIB<\/strong> passant de 18,6% du PIB en 2018 \u00e0 18,7% l\u2019ann\u00e9e en cours, alors que la balance des paiements devrait d\u00e9gager un d\u00e9ficit du compte courant de 5,3% du PIB, en att\u00e9nuation par rapport \u00e0 5,9% du PIB enregistr\u00e9 en 2018.<\/p>\n<p>Enfin, le taux de la dette publique globale s\u2019accroitrait pour atteindre pr\u00e8s de 81,3% du PIB en 2019 au lieu 73,4% durant la p\u00e9riode 2010-2017 et 60,2% durant 2005-2009. Le taux d\u2019endettement global du Tr\u00e9sor devrait augmenter, lui, \u00e0 65,3% du PIB au lieu de 64,9% en 2018, a t-il fait savoir.<\/p>\n<p><strong>Avec MAP<\/strong><\/p>\n<div class=\"c17\">\n<fieldset class=\"c16\">\n<legend><strong><span class=\"c11\">Challenge<\/span><span class=\"c12\">news<\/span><\/strong><\/legend>\n<div class=\"c15\">Le meilleur de la r\u00e9daction s\u00e9lectionn\u00e9 par Challenge :<\/p>\n<\/div>\n<\/fieldset>\n<\/div>\n<p>Auteur: Karim Handaoui<br \/>\n<a href=\"https:\/\/www.challenge.ma\/le-hcp-sattend-a-un-recul-de-la-croissance-economique-112464\/\">Cliquez ici pour lire l&rsquo;article depuis sa source.<\/a><\/p>\n","protected":false},"excerpt":{"rendered":"<p>La croissance \u00e9conomique marocaine devrait se situer \u00e0 2,7% en 2019 au lieu de 3% enregistr\u00e9e en 2018, a annonc\u00e9, mardi \u00e0 Casablanca, le Haut-commissaire au Plan (HCP) Ahmed Lahlimi Alami. Ce ralentissement est imputable au repli de 2,1% de la valeur ajout\u00e9e du secteur primaire, ce qui contribuerait n\u00e9gativement \u00e0 la croissance du produit [&hellip;]<\/p>\n","protected":false},"author":1787,"featured_media":0,"comment_status":"closed","ping_status":"closed","sticky":false,"template":"","format":"standard","meta":{"fifu_image_url":"","fifu_image_alt":"","footnotes":""},"categories":[78,54],"tags":[],"class_list":["post-45324","post","type-post","status-publish","format-standard","hentry","category-economie","category-maroc"],"_links":{"self":[{"href":"https:\/\/linitiative.ca\/International\/wp-json\/wp\/v2\/posts\/45324","targetHints":{"allow":["GET"]}}],"collection":[{"href":"https:\/\/linitiative.ca\/International\/wp-json\/wp\/v2\/posts"}],"about":[{"href":"https:\/\/linitiative.ca\/International\/wp-json\/wp\/v2\/types\/post"}],"author":[{"embeddable":true,"href":"https:\/\/linitiative.ca\/International\/wp-json\/wp\/v2\/users\/1787"}],"replies":[{"embeddable":true,"href":"https:\/\/linitiative.ca\/International\/wp-json\/wp\/v2\/comments?post=45324"}],"version-history":[{"count":0,"href":"https:\/\/linitiative.ca\/International\/wp-json\/wp\/v2\/posts\/45324\/revisions"}],"wp:attachment":[{"href":"https:\/\/linitiative.ca\/International\/wp-json\/wp\/v2\/media?parent=45324"}],"wp:term":[{"taxonomy":"category","embeddable":true,"href":"https:\/\/linitiative.ca\/International\/wp-json\/wp\/v2\/categories?post=45324"},{"taxonomy":"post_tag","embeddable":true,"href":"https:\/\/linitiative.ca\/International\/wp-json\/wp\/v2\/tags?post=45324"}],"curies":[{"name":"wp","href":"https:\/\/api.w.org\/{rel}","templated":true}]}}