{"id":45326,"date":"2019-07-09T15:10:34","date_gmt":"2019-07-09T19:10:34","guid":{"rendered":"https:\/\/linitiative.ca\/International\/tunisie-testour-arrestation-dun-homme-et-son-fils-pour-detention-dune-arme-a-feu-et-de-tenues-militaires\/"},"modified":"2019-07-09T15:10:34","modified_gmt":"2019-07-09T19:10:34","slug":"tunisie-testour-arrestation-dun-homme-et-son-fils-pour-detention-dune-arme-a-feu-et-de-tenues-militaires","status":"publish","type":"post","link":"https:\/\/linitiative.ca\/International\/tunisie-testour-arrestation-dun-homme-et-son-fils-pour-detention-dune-arme-a-feu-et-de-tenues-militaires\/","title":{"rendered":"Tunisie \u2013 Testour\u00a0: Arrestation d\u2019un homme et son fils pour d\u00e9tention d\u2019une arme \u00e0 feu et de tenues militaires"},"content":{"rendered":"<div class=\"post-cont-in left relative\">\n<div class=\"swp_social_panel swp_horizontal_panel swp_flat_fresh swp_default_full_color swp_individual_full_color swp_other_full_color scale-100 scale-\" data-min-width=\"1100\" data-float-color=\"#ffffff\" data-float=\"none\" data-float-mobile=\"none\" data-transition=\"slide\">\n<div class=\"nc_tweetContainer swp_share_button total_shares total_sharesalt\"><span class=\"swp_count\">23 <span class=\"swp_label\">Partages<\/span><\/span><\/div>\n<\/div>\n<p>Dans le cadre du suivi des individus suspects d\u2019extr\u00e9misme, les unit\u00e9s sp\u00e9ciales des forces de l\u2019ordre du district de B\u00e9ja ont surveill\u00e9 le comportement d\u2019un homme et de son fils. Ils ont, de m\u00eame, suivi les publications du jeune homme sur les r\u00e9seaux sociaux. Suite \u00e0 la confirmation de leurs soup\u00e7ons, les forces de l\u2019ordre ont op\u00e9r\u00e9 une descente sur le domicile de la famille, o\u00f9 ils ont pu saisir un pistolet, des chargeurs vides, et des tenues militaires.<\/p>\n<p>Les deux individus ont \u00e9t\u00e9 arr\u00eat\u00e9s. Sachant que l\u2019autre fils de la famille se trouve \u00e0 l\u2019\u00e9tranger o\u00f9 il avait rejoint les rangs des organisations terroristes.<\/p>\n<div class=\"code-block code-block-1 c3\"><ins class=\"adsbygoogle c2\" data-ad-layout=\"in-article\" data-ad-format=\"fluid\" data-ad-client=\"ca-pub-2102118777505746\" data-ad-slot=\"7301775417\"\/> <\/div>\n<div class=\"mvp-org-wrap mvp-org-logo\" itemprop=\"publisher\" itemscope=\"\" itemtype=\"https:\/\/schema.org\/Organization\"><img decoding=\"async\" src=\"https:\/\/www.tunisienumerique.com\/wp-content\/uploads\/2017\/02\/logo_tunisie_numerique.png\"\/><\/div>\n<div class=\"swp_social_panel swp_horizontal_panel swp_flat_fresh swp_default_full_color swp_individual_full_color swp_other_full_color scale-100 scale-\" data-min-width=\"1100\" data-float-color=\"#ffffff\" data-float=\"none\" data-float-mobile=\"none\" data-transition=\"slide\">\n<div class=\"nc_tweetContainer swp_share_button total_shares total_sharesalt\"><span class=\"swp_count\">23 <span class=\"swp_label\">Partages<\/span><\/span><\/div>\n<\/div>\n<div class=\"mvp-related-posts left relative\">\n<h4 class=\"post-header\"><span class=\"post-header\">Lire aussi<\/span><\/h4>\n<\/div>\n<\/div>\n<p>Auteur: LM<br \/>\n<a href=\"https:\/\/www.tunisienumerique.com\/tunisie-testour-arrestation-dun-homme-et-son-fils-pour-detention-dune-arme-a-feu-et-de-tenues-militaires\/\">Cliquez ici pour lire l&rsquo;article depuis sa source.<\/a><\/p>\n","protected":false},"excerpt":{"rendered":"<p>23 Partages Dans le cadre du suivi des individus suspects d\u2019extr\u00e9misme, les unit\u00e9s sp\u00e9ciales des forces de l\u2019ordre du district de B\u00e9ja ont surveill\u00e9 le comportement d\u2019un homme et de son fils. Ils ont, de m\u00eame, suivi les publications du jeune homme sur les r\u00e9seaux sociaux. Suite \u00e0 la confirmation de leurs soup\u00e7ons, les forces [&hellip;]<\/p>\n","protected":false},"author":1789,"featured_media":45327,"comment_status":"closed","ping_status":"closed","sticky":false,"template":"","format":"standard","meta":{"fifu_image_url":"","fifu_image_alt":"","footnotes":""},"categories":[73,55],"tags":[],"class_list":["post-45326","post","type-post","status-publish","format-standard","has-post-thumbnail","hentry","category-actualite","category-tunisie"],"_links":{"self":[{"href":"https:\/\/linitiative.ca\/International\/wp-json\/wp\/v2\/posts\/45326","targetHints":{"allow":["GET"]}}],"collection":[{"href":"https:\/\/linitiative.ca\/International\/wp-json\/wp\/v2\/posts"}],"about":[{"href":"https:\/\/linitiative.ca\/International\/wp-json\/wp\/v2\/types\/post"}],"author":[{"embeddable":true,"href":"https:\/\/linitiative.ca\/International\/wp-json\/wp\/v2\/users\/1789"}],"replies":[{"embeddable":true,"href":"https:\/\/linitiative.ca\/International\/wp-json\/wp\/v2\/comments?post=45326"}],"version-history":[{"count":0,"href":"https:\/\/linitiative.ca\/International\/wp-json\/wp\/v2\/posts\/45326\/revisions"}],"wp:featuredmedia":[{"embeddable":true,"href":"https:\/\/linitiative.ca\/International\/wp-json\/"}],"wp:attachment":[{"href":"https:\/\/linitiative.ca\/International\/wp-json\/wp\/v2\/media?parent=45326"}],"wp:term":[{"taxonomy":"category","embeddable":true,"href":"https:\/\/linitiative.ca\/International\/wp-json\/wp\/v2\/categories?post=45326"},{"taxonomy":"post_tag","embeddable":true,"href":"https:\/\/linitiative.ca\/International\/wp-json\/wp\/v2\/tags?post=45326"}],"curies":[{"name":"wp","href":"https:\/\/api.w.org\/{rel}","templated":true}]}}