{"id":45328,"date":"2019-07-09T15:19:41","date_gmt":"2019-07-09T19:19:41","guid":{"rendered":"https:\/\/linitiative.ca\/International\/allemagne-la-grande-mosquee-de-cologne-evacuee-suite-a-une-alerte-a-la-bombe\/"},"modified":"2019-07-09T15:19:41","modified_gmt":"2019-07-09T19:19:41","slug":"allemagne-la-grande-mosquee-de-cologne-evacuee-suite-a-une-alerte-a-la-bombe","status":"publish","type":"post","link":"https:\/\/linitiative.ca\/International\/allemagne-la-grande-mosquee-de-cologne-evacuee-suite-a-une-alerte-a-la-bombe\/","title":{"rendered":"Allemagne\u00a0: La grande mosqu\u00e9e de Cologne \u00e9vacu\u00e9e suite \u00e0 une alerte \u00e0 la bombe"},"content":{"rendered":"<div class=\"post-cont-in left relative\">\n<div class=\"swp_social_panel swp_horizontal_panel swp_flat_fresh swp_default_full_color swp_individual_full_color swp_other_full_color scale-100 scale-\" data-min-width=\"1100\" data-float-color=\"#ffffff\" data-float=\"none\" data-float-mobile=\"none\" data-transition=\"slide\">\n<div class=\"nc_tweetContainer swp_share_button total_shares total_sharesalt\"><span class=\"swp_count\">23 <span class=\"swp_label\">Partages<\/span><\/span><\/div>\n<\/div>\n<p>La\u00a0mosqu\u00e9e de Cologne, l\u2019une des plus importantes d\u2019Europe,\u00a0a \u00e9t\u00e9 \u00e9vacu\u00e9e, ce mardi 9 juillet, apr\u00e8s que ses responsables aient re\u00e7u des mails de menaces d\u2019alerte \u00e0 la bombe.<br \/>La menace, qui aurait \u00e9t\u00e9 envoy\u00e9e par un groupuscule d\u2019extr\u00eame droite selon Anadolu, a \u00e9t\u00e9 prise au s\u00e9rieux par la police, qui a fouill\u00e9 l\u2019\u00e9difice durant la matin\u00e9e. Rien de dangereux n\u2019ayant \u00e9t\u00e9 retrouv\u00e9, le lieu de culte a rouvert ses portes aux fid\u00e8les.<br \/>La mosqu\u00e9e, g\u00e9r\u00e9e par l\u2019Union turco-islamique des affaires religieuses (DITIB), avait \u00e9t\u00e9 inaugur\u00e9e en grande pompe par le pr\u00e9sident turc Erdogan, en septembre 2018.<\/p>\n<div class=\"mvp-org-wrap mvp-org-logo\" itemprop=\"publisher\" itemscope=\"\" itemtype=\"https:\/\/schema.org\/Organization\"><img decoding=\"async\" src=\"https:\/\/www.tunisienumerique.com\/wp-content\/uploads\/2017\/02\/logo_tunisie_numerique.png\"\/><\/div>\n<div class=\"swp_social_panel swp_horizontal_panel swp_flat_fresh swp_default_full_color swp_individual_full_color swp_other_full_color scale-100 scale-\" data-min-width=\"1100\" data-float-color=\"#ffffff\" data-float=\"none\" data-float-mobile=\"none\" data-transition=\"slide\">\n<div class=\"nc_tweetContainer swp_share_button total_shares total_sharesalt\"><span class=\"swp_count\">23 <span class=\"swp_label\">Partages<\/span><\/span><\/div>\n<\/div>\n<div class=\"mvp-related-posts left relative\">\n<h4 class=\"post-header\"><span class=\"post-header\">Lire aussi<\/span><\/h4>\n<\/div>\n<\/div>\n<p>Auteur: LM<br \/>\n<a href=\"https:\/\/www.tunisienumerique.com\/allemagne-la-grande-mosquee-de-cologne-evacuee-suite-a-une-alerte-a-la-bombe\/\">Cliquez ici pour lire l&rsquo;article depuis sa source.<\/a><\/p>\n","protected":false},"excerpt":{"rendered":"<p>23 Partages La\u00a0mosqu\u00e9e de Cologne, l\u2019une des plus importantes d\u2019Europe,\u00a0a \u00e9t\u00e9 \u00e9vacu\u00e9e, ce mardi 9 juillet, apr\u00e8s que ses responsables aient re\u00e7u des mails de menaces d\u2019alerte \u00e0 la bombe.La menace, qui aurait \u00e9t\u00e9 envoy\u00e9e par un groupuscule d\u2019extr\u00eame droite selon Anadolu, a \u00e9t\u00e9 prise au s\u00e9rieux par la police, qui a fouill\u00e9 l\u2019\u00e9difice durant [&hellip;]<\/p>\n","protected":false},"author":1789,"featured_media":45329,"comment_status":"closed","ping_status":"closed","sticky":false,"template":"","format":"standard","meta":{"fifu_image_url":"","fifu_image_alt":"","footnotes":""},"categories":[73,55],"tags":[],"class_list":["post-45328","post","type-post","status-publish","format-standard","has-post-thumbnail","hentry","category-actualite","category-tunisie"],"_links":{"self":[{"href":"https:\/\/linitiative.ca\/International\/wp-json\/wp\/v2\/posts\/45328","targetHints":{"allow":["GET"]}}],"collection":[{"href":"https:\/\/linitiative.ca\/International\/wp-json\/wp\/v2\/posts"}],"about":[{"href":"https:\/\/linitiative.ca\/International\/wp-json\/wp\/v2\/types\/post"}],"author":[{"embeddable":true,"href":"https:\/\/linitiative.ca\/International\/wp-json\/wp\/v2\/users\/1789"}],"replies":[{"embeddable":true,"href":"https:\/\/linitiative.ca\/International\/wp-json\/wp\/v2\/comments?post=45328"}],"version-history":[{"count":0,"href":"https:\/\/linitiative.ca\/International\/wp-json\/wp\/v2\/posts\/45328\/revisions"}],"wp:featuredmedia":[{"embeddable":true,"href":"https:\/\/linitiative.ca\/International\/wp-json\/"}],"wp:attachment":[{"href":"https:\/\/linitiative.ca\/International\/wp-json\/wp\/v2\/media?parent=45328"}],"wp:term":[{"taxonomy":"category","embeddable":true,"href":"https:\/\/linitiative.ca\/International\/wp-json\/wp\/v2\/categories?post=45328"},{"taxonomy":"post_tag","embeddable":true,"href":"https:\/\/linitiative.ca\/International\/wp-json\/wp\/v2\/tags?post=45328"}],"curies":[{"name":"wp","href":"https:\/\/api.w.org\/{rel}","templated":true}]}}