{"id":45330,"date":"2019-07-09T15:35:43","date_gmt":"2019-07-09T19:35:43","guid":{"rendered":"https:\/\/linitiative.ca\/International\/tunisie-coupure-de-lelectricite-sur-certains-quartiers-du-centre-de-la-capitale\/"},"modified":"2019-07-09T15:35:43","modified_gmt":"2019-07-09T19:35:43","slug":"tunisie-coupure-de-lelectricite-sur-certains-quartiers-du-centre-de-la-capitale","status":"publish","type":"post","link":"https:\/\/linitiative.ca\/International\/tunisie-coupure-de-lelectricite-sur-certains-quartiers-du-centre-de-la-capitale\/","title":{"rendered":"Tunisie \u2013 Coupure de l\u2019\u00e9lectricit\u00e9 sur certains quartiers du centre de la Capitale"},"content":{"rendered":"<div class=\"post-cont-in left relative\">\n<div class=\"swp_social_panel swp_horizontal_panel swp_flat_fresh swp_default_full_color swp_individual_full_color swp_other_full_color scale-100 scale-\" data-min-width=\"1100\" data-float-color=\"#ffffff\" data-float=\"none\" data-float-mobile=\"none\" data-transition=\"slide\">\n<div class=\"nc_tweetContainer swp_share_button total_shares total_sharesalt\"><span class=\"swp_count\">37 <span class=\"swp_label\">Partages<\/span><\/span><\/div>\n<\/div>\n<p>L\u2019\u00e9lectricit\u00e9 s\u2019est subitement coup\u00e9e, depuis 16 heures, cet apr\u00e8s midi, sur des portions de l\u2019avenue Bourguiba, ainsi que des quartiers au niveau de La Fayette.<\/p>\n<p>Cette panne qui perdure jusqu\u2019\u00e0 cette heure, a entrain\u00e9 une perturbation g\u00e9n\u00e9rale des activit\u00e9s des caf\u00e9s et des commerces du centre ville.<\/p>\n<div class=\"code-block code-block-1 c3\"><ins class=\"adsbygoogle c2\" data-ad-layout=\"in-article\" data-ad-format=\"fluid\" data-ad-client=\"ca-pub-2102118777505746\" data-ad-slot=\"7301775417\"\/> <\/div>\n<p>Le PDG de la STEG a assur\u00e9 que les agents de la compagnie sont en train de s\u2019activer pour r\u00e9parer la panne qui consiste en un c\u00e2ble sous terrain qui s\u2019est grill\u00e9, au niveau de la rue Jean Jaur\u00e8s.<\/p>\n<div class=\"mvp-org-wrap mvp-org-logo\" itemprop=\"publisher\" itemscope=\"\" itemtype=\"https:\/\/schema.org\/Organization\"><img decoding=\"async\" src=\"https:\/\/www.tunisienumerique.com\/wp-content\/uploads\/2017\/02\/logo_tunisie_numerique.png\"\/><\/div>\n<div class=\"swp_social_panel swp_horizontal_panel swp_flat_fresh swp_default_full_color swp_individual_full_color swp_other_full_color scale-100 scale-\" data-min-width=\"1100\" data-float-color=\"#ffffff\" data-float=\"none\" data-float-mobile=\"none\" data-transition=\"slide\">\n<div class=\"nc_tweetContainer swp_share_button total_shares total_sharesalt\"><span class=\"swp_count\">37 <span class=\"swp_label\">Partages<\/span><\/span><\/div>\n<\/div>\n<div class=\"mvp-related-posts left relative\">\n<h4 class=\"post-header\"><span class=\"post-header\">Lire aussi<\/span><\/h4>\n<\/div>\n<\/div>\n<p>Auteur: LM<br \/>\n<a href=\"https:\/\/www.tunisienumerique.com\/tunisie-coupure-de-lelectricite-sur-certains-quartiers-du-centre-de-la-capitale\/\">Cliquez ici pour lire l&rsquo;article depuis sa source.<\/a><\/p>\n","protected":false},"excerpt":{"rendered":"<p>37 Partages L\u2019\u00e9lectricit\u00e9 s\u2019est subitement coup\u00e9e, depuis 16 heures, cet apr\u00e8s midi, sur des portions de l\u2019avenue Bourguiba, ainsi que des quartiers au niveau de La Fayette. Cette panne qui perdure jusqu\u2019\u00e0 cette heure, a entrain\u00e9 une perturbation g\u00e9n\u00e9rale des activit\u00e9s des caf\u00e9s et des commerces du centre ville. Le PDG de la STEG a [&hellip;]<\/p>\n","protected":false},"author":1789,"featured_media":45331,"comment_status":"closed","ping_status":"closed","sticky":false,"template":"","format":"standard","meta":{"fifu_image_url":"","fifu_image_alt":"","footnotes":""},"categories":[73,55],"tags":[],"class_list":["post-45330","post","type-post","status-publish","format-standard","has-post-thumbnail","hentry","category-actualite","category-tunisie"],"_links":{"self":[{"href":"https:\/\/linitiative.ca\/International\/wp-json\/wp\/v2\/posts\/45330","targetHints":{"allow":["GET"]}}],"collection":[{"href":"https:\/\/linitiative.ca\/International\/wp-json\/wp\/v2\/posts"}],"about":[{"href":"https:\/\/linitiative.ca\/International\/wp-json\/wp\/v2\/types\/post"}],"author":[{"embeddable":true,"href":"https:\/\/linitiative.ca\/International\/wp-json\/wp\/v2\/users\/1789"}],"replies":[{"embeddable":true,"href":"https:\/\/linitiative.ca\/International\/wp-json\/wp\/v2\/comments?post=45330"}],"version-history":[{"count":0,"href":"https:\/\/linitiative.ca\/International\/wp-json\/wp\/v2\/posts\/45330\/revisions"}],"wp:featuredmedia":[{"embeddable":true,"href":"https:\/\/linitiative.ca\/International\/wp-json\/"}],"wp:attachment":[{"href":"https:\/\/linitiative.ca\/International\/wp-json\/wp\/v2\/media?parent=45330"}],"wp:term":[{"taxonomy":"category","embeddable":true,"href":"https:\/\/linitiative.ca\/International\/wp-json\/wp\/v2\/categories?post=45330"},{"taxonomy":"post_tag","embeddable":true,"href":"https:\/\/linitiative.ca\/International\/wp-json\/wp\/v2\/tags?post=45330"}],"curies":[{"name":"wp","href":"https:\/\/api.w.org\/{rel}","templated":true}]}}