{"id":45338,"date":"2019-07-09T15:50:04","date_gmt":"2019-07-09T19:50:04","guid":{"rendered":"https:\/\/linitiative.ca\/International\/washington-sanctionne-deux-elus-du-hezbollah-libanais-une-premiere\/"},"modified":"2019-07-09T15:50:04","modified_gmt":"2019-07-09T19:50:04","slug":"washington-sanctionne-deux-elus-du-hezbollah-libanais-une-premiere","status":"publish","type":"post","link":"https:\/\/linitiative.ca\/International\/washington-sanctionne-deux-elus-du-hezbollah-libanais-une-premiere\/","title":{"rendered":"Washington sanctionne deux \u00e9lus du Hezbollah libanais, une premi\u00e8re"},"content":{"rendered":"<div readability=\"32\">\n<p>Publi\u00e9 le 09.07.2019 \u00e0 20h50 par AFP<\/p>\n<\/div>\n<div readability=\"144\">\n<p>L\u2019administration de Donald Trump a \u00e9largi mardi sa campagne de \u00ab\u00a0pression maximale\u00a0\u00bb contre l\u2019Iran et ses alli\u00e9s en imposant pour la premi\u00e8re fois des sanctions contre des d\u00e9put\u00e9s du Hezbollah libanais.<\/p>\n<p>Amine Cherri et Mohamad Hasan Raad sont accus\u00e9s d&rsquo;\u00a0\u00bbexploiter le syst\u00e8me politique et financier\u00a0\u00bb du Liban au profit du mouvement chiite et de l\u2019Iran, selon un communiqu\u00e9 du minist\u00e8re am\u00e9ricain du Tr\u00e9sor.<\/p>\n<p>Une troisi\u00e8me personne sanctionn\u00e9e est Wafic Safa, chef de l\u2019appareil s\u00e9curitaire du Hezbollah et l\u2019un des hauts responsables historiques du mouvement, poids lourd de la politique libanaise avec trois minist\u00e8res.<\/p>\n<p>Le Hezbollah a d\u00e9nonc\u00e9 ces sanctions am\u00e9ricaines, les qualifiant d&rsquo;\u00a0\u00bbhumiliation pour le peuple libanais\u00a0\u00bb.<\/p>\n<p>Donald Trump a fait de l\u2019Iran chiite, accus\u00e9 de d\u00e9stabiliser le Moyen-Orient, sa principale b\u00eate noire. Washington a multipli\u00e9 les sanctions pour lui couper ses revenus, ainsi qu\u2019\u00e0 ses alli\u00e9s r\u00e9gionaux comme le Hezbollah, qu\u2019il consid\u00e8re comme une organisation \u00ab\u00a0terroriste\u00a0\u00bb.<\/p>\n<p>Le mouvement chiite \u00ab\u00a0menace la stabilit\u00e9 politique et \u00e9conomique du Liban et de la r\u00e9gion, tout cela au d\u00e9triment du peuple libanais\u00a0\u00bb, a affirm\u00e9 Sigal Mandelker, la sous-secr\u00e9taire au Tr\u00e9sor am\u00e9ricain.<\/p>\n<p>Ag\u00e9 de 62 ans, Amine Cherri a \u00e9t\u00e9 \u00e9lu d\u00e9put\u00e9 \u00e0 Beyrouth en 2005, puis une seconde fois en 2018. Il est proche de l\u2019appareil s\u00e9curitaire du mouvement chiite pro-iranien.<\/p>\n<p>Il \u00ab\u00a0exploite son poste officiel pour faire avancer les objectifs du Hezbollah, qui vont souvent \u00e0 l\u2019encontre de ceux du peuple et du gouvernement libanais\u00a0\u00bb, selon le Tr\u00e9sor am\u00e9ricain.<\/p>\n<p>M. Cherri est \u00e9galement accus\u00e9 d\u2019avoir menac\u00e9 les responsables d\u2019une banque et leurs familles apr\u00e8s que l\u2019\u00e9tablissement a gel\u00e9 les comptes de membres du parti chiite plac\u00e9s sur la liste des sanctions am\u00e9ricaines.<\/p>\n<p>Dans son communiqu\u00e9, le Tr\u00e9sor diffuse une photo de M. Cherri aux cot\u00e9s de Ghassem Soleimani, chef de la Force Qods, la branche charg\u00e9e des op\u00e9rations ext\u00e9rieures des Gardiens de la r\u00e9volution iraniens.<\/p>\n<p>Cette proximit\u00e9 \u00ab\u00a0illustre l\u2019absence de distinction entre les activit\u00e9s politiques et militaires du Hezbollah\u00a0\u00bb, estime le minist\u00e8re am\u00e9ricain.<\/p>\n<p>\u2013 Zarif toujours vis\u00e9 \u2013<\/p>\n<p>Mohamad Hasan Raad, pour sa part, \u00ab\u00a0continue \u00e0 donner la priorit\u00e9 aux activit\u00e9s du Hezbollah et \u00e0 prendre en otage la prosp\u00e9rit\u00e9 du Liban\u00a0\u00bb, avance le Tr\u00e9sor.<\/p>\n<p>M. Raad, 64 ans, est le chef du groupe parlementaire du Hezbollah et l\u2019un des \u00ab\u00a0anciens\u00a0\u00bb du parti. Il a \u00e9t\u00e9 \u00e9lu pour la premi\u00e8re fois en 1992 lors du premier scrutin organis\u00e9 apr\u00e8s la guerre civile qui a ravag\u00e9 le pays entre 1975 et 1990.<\/p>\n<p>\u00ab\u00a0Que chaque membre du Hezbollah qui pense \u00e0 participer \u00e0 une \u00e9lection sache qu\u2019il ne pourra pas se cacher sous la couverture d\u2019un mandat \u00e9lectif\u00a0\u00bb, a comment\u00e9 \u00e0 des journalistes un haut responsable de l\u2019administration am\u00e9ricaine.<\/p>\n<p>Wafic Safa, un proche du chef du Hezbollah Hassan Nasrallah, est lui accus\u00e9 de profiter de sa position pour faire entrer au Liban des produits de contrebande, \u00ab\u00a0dont des drogues ill\u00e9gales et des armes\u00a0\u00bb, et pour faciliter les d\u00e9placements des cadres du \u00ab\u00a0Parti de Dieu\u00a0\u00bb.<\/p>\n<p>Cr\u00e9\u00e9 au d\u00e9but des ann\u00e9es 1980 avec le soutien de T\u00e9h\u00e9ran, le Hezbollah libanais a men\u00e9 plusieurs guerres contre Isra\u00ebl dans le sud du Liban et incarne la \u00ab\u00a0r\u00e9sistance\u00a0\u00bb face \u00e0 l\u2019Etat h\u00e9breu, proche alli\u00e9 de Washington.<\/p>\n<p>Donald Trump a de nouveau conseill\u00e9 mardi \u00e0 l\u2019Iran de faire \u00ab\u00a0tr\u00e8s attention\u00a0\u00bb apr\u00e8s que T\u00e9h\u00e9ran a annonc\u00e9 ne plus respecter l\u2019un de ses engagements dans l\u2019accord international sur son programme nucl\u00e9aire sign\u00e9 en 2015, dont les Etats-Unis se sont retir\u00e9s.<\/p>\n<p>Le pr\u00e9sident am\u00e9ricain, qui \u00e9tait un farouche opposant \u00e0 cet accord, a impos\u00e9 un r\u00e9gime s\u00e9v\u00e8re de sanctions \u00e9conomiques pour forcer T\u00e9h\u00e9ran \u00e0 ren\u00e9gocier un texte.<\/p>\n<p>Le secr\u00e9taire am\u00e9ricain au Tr\u00e9sor Stephen Mnuchin avait annonc\u00e9 fin juin des sanctions prochaines contre le chef de la diplomatie iranienne Mohammad Javad Zarif.<\/p>\n<p>\u00ab\u00a0Il est clair que nous \u00e9tudions diff\u00e9rentes voies pour des sanctions suppl\u00e9mentaires (et) le ministre Zarif reste une personne d\u2019int\u00e9r\u00eat cl\u00e9\u00a0\u00bb, a expliqu\u00e9 mardi un haut responsable du Tr\u00e9sor.<\/p>\n<p>En tout, 50 membres ou entit\u00e9s li\u00e9s au Hezbollah ont \u00e9t\u00e9 plac\u00e9s depuis 2017 sur la liste des sanctions am\u00e9ricaines pour terrorisme.<\/p>\n<\/div>\n<p>Auteur: AFP<br \/>\n<a href=\"https:\/\/www.journalducameroun.com\/washington-sanctionne-deux-elus-du-hezbollah-libanais-une-premiere\/\">Cliquez ici pour lire l&rsquo;article depuis sa source.<\/a><\/p>\n","protected":false},"excerpt":{"rendered":"<p>Publi\u00e9 le 09.07.2019 \u00e0 20h50 par AFP L\u2019administration de Donald Trump a \u00e9largi mardi sa campagne de \u00ab\u00a0pression maximale\u00a0\u00bb contre l\u2019Iran et ses alli\u00e9s en imposant pour la premi\u00e8re fois des sanctions contre des d\u00e9put\u00e9s du Hezbollah libanais. Amine Cherri et Mohamad Hasan Raad sont accus\u00e9s d&rsquo;\u00a0\u00bbexploiter le syst\u00e8me politique et financier\u00a0\u00bb du Liban au [&hellip;]<\/p>\n","protected":false},"author":1965,"featured_media":0,"comment_status":"closed","ping_status":"closed","sticky":false,"template":"","format":"standard","meta":{"fifu_image_url":"","fifu_image_alt":"","footnotes":""},"categories":[73,82],"tags":[],"class_list":["post-45338","post","type-post","status-publish","format-standard","hentry","category-actualite","category-cameroun"],"_links":{"self":[{"href":"https:\/\/linitiative.ca\/International\/wp-json\/wp\/v2\/posts\/45338","targetHints":{"allow":["GET"]}}],"collection":[{"href":"https:\/\/linitiative.ca\/International\/wp-json\/wp\/v2\/posts"}],"about":[{"href":"https:\/\/linitiative.ca\/International\/wp-json\/wp\/v2\/types\/post"}],"author":[{"embeddable":true,"href":"https:\/\/linitiative.ca\/International\/wp-json\/wp\/v2\/users\/1965"}],"replies":[{"embeddable":true,"href":"https:\/\/linitiative.ca\/International\/wp-json\/wp\/v2\/comments?post=45338"}],"version-history":[{"count":0,"href":"https:\/\/linitiative.ca\/International\/wp-json\/wp\/v2\/posts\/45338\/revisions"}],"wp:attachment":[{"href":"https:\/\/linitiative.ca\/International\/wp-json\/wp\/v2\/media?parent=45338"}],"wp:term":[{"taxonomy":"category","embeddable":true,"href":"https:\/\/linitiative.ca\/International\/wp-json\/wp\/v2\/categories?post=45338"},{"taxonomy":"post_tag","embeddable":true,"href":"https:\/\/linitiative.ca\/International\/wp-json\/wp\/v2\/tags?post=45338"}],"curies":[{"name":"wp","href":"https:\/\/api.w.org\/{rel}","templated":true}]}}