{"id":45339,"date":"2019-07-09T16:18:02","date_gmt":"2019-07-09T20:18:02","guid":{"rendered":"https:\/\/linitiative.ca\/International\/la-qualite-de-leau-des-batiments-publics-preoccupe-un-laboratoire-en-cote-divoire\/"},"modified":"2019-07-09T16:18:02","modified_gmt":"2019-07-09T20:18:02","slug":"la-qualite-de-leau-des-batiments-publics-preoccupe-un-laboratoire-en-cote-divoire","status":"publish","type":"post","link":"https:\/\/linitiative.ca\/International\/la-qualite-de-leau-des-batiments-publics-preoccupe-un-laboratoire-en-cote-divoire\/","title":{"rendered":"La qualit\u00e9 de l\u2019eau des b\u00e2timents publics pr\u00e9occupe un laboratoire en C\u00f4te d\u2019Ivoire"},"content":{"rendered":"<div readability=\"32\">\n<p>Publi\u00e9 le 09.07.2019 \u00e0 21h18 par APA News<\/p>\n<\/div>\n<div readability=\"55\">\n<p>La qualit\u00e9 de l\u2019eau sanitaire dans les r\u00e9seaux int\u00e9rieurs des \u00e9tablissements recevant du public a \u00e9t\u00e9 au centre d\u2019une conf\u00e9rence \u00e0 Abidjan r\u00e9cemment, \u00e0 l\u2019initiative de Enval Laboratoire.La qualit\u00e9 des eaux est aujourd\u2019hui au c\u0153ur des probl\u00e8mes de s\u00e9curit\u00e9 sanitaire, du fait m\u00eame de la multitude de risques pour la sant\u00e9, rapporte un communiqu\u00e9 transmis \u00a0mardi \u00e0 APA, expliquant les enjeux de cette conf\u00e9rence en collaboration avec le minist\u00e8re ivoirien en charge de la sant\u00e9, car \u00abl\u2019eau s\u2019impose \u00e0 nous par sa raret\u00e9 et ses enjeux pour le futur de la plan\u00e8te \u00bb.<\/p>\n<p>Selon ce laboratoire, \u00a0la question de l\u2019eau \u00e0 l\u2019int\u00e9rieur des b\u00e2timents \u00abdevenue un probl\u00e8me de sant\u00e9 publique, a beaucoup interpell\u00e9 les \u00a0scientifiques et les gestionnaires afin d\u2019en cerner les contours, mettre des proc\u00e9dures et des r\u00e8glements et sans cesse continuer de surveiller \u00bb.<\/p>\n<p>La qualit\u00e9 des eaux \u00e0 l\u2019int\u00e9rieur des b\u00e2timents recevant du public est une question d\u2019int\u00e9r\u00eat qui est rest\u00e9e longtemps peu \u00e9voqu\u00e9e car souvent confondue avec la qualit\u00e9 des eaux du r\u00e9seau de distribution, souligne Enval Laboratoire, l\u2019un des premiers Laboratoires priv\u00e9s d\u2019analyses et de contr\u00f4le qualit\u00e9 accr\u00e9dit\u00e9 ISO 17025.<\/p>\n<\/div>\n<p>Auteur: APA News<br \/>\n<a href=\"https:\/\/www.journalducameroun.com\/la-qualite-de-leau-des-batiments-publics-preoccupe-un-laboratoire-en-cote-divoire\/\">Cliquez ici pour lire l&rsquo;article depuis sa source.<\/a><\/p>\n","protected":false},"excerpt":{"rendered":"<p>Publi\u00e9 le 09.07.2019 \u00e0 21h18 par APA News La qualit\u00e9 de l\u2019eau sanitaire dans les r\u00e9seaux int\u00e9rieurs des \u00e9tablissements recevant du public a \u00e9t\u00e9 au centre d\u2019une conf\u00e9rence \u00e0 Abidjan r\u00e9cemment, \u00e0 l\u2019initiative de Enval Laboratoire.La qualit\u00e9 des eaux est aujourd\u2019hui au c\u0153ur des probl\u00e8mes de s\u00e9curit\u00e9 sanitaire, du fait m\u00eame de la multitude de [&hellip;]<\/p>\n","protected":false},"author":1965,"featured_media":0,"comment_status":"closed","ping_status":"closed","sticky":false,"template":"","format":"standard","meta":{"fifu_image_url":"","fifu_image_alt":"","footnotes":""},"categories":[73,82],"tags":[],"class_list":["post-45339","post","type-post","status-publish","format-standard","hentry","category-actualite","category-cameroun"],"_links":{"self":[{"href":"https:\/\/linitiative.ca\/International\/wp-json\/wp\/v2\/posts\/45339","targetHints":{"allow":["GET"]}}],"collection":[{"href":"https:\/\/linitiative.ca\/International\/wp-json\/wp\/v2\/posts"}],"about":[{"href":"https:\/\/linitiative.ca\/International\/wp-json\/wp\/v2\/types\/post"}],"author":[{"embeddable":true,"href":"https:\/\/linitiative.ca\/International\/wp-json\/wp\/v2\/users\/1965"}],"replies":[{"embeddable":true,"href":"https:\/\/linitiative.ca\/International\/wp-json\/wp\/v2\/comments?post=45339"}],"version-history":[{"count":0,"href":"https:\/\/linitiative.ca\/International\/wp-json\/wp\/v2\/posts\/45339\/revisions"}],"wp:attachment":[{"href":"https:\/\/linitiative.ca\/International\/wp-json\/wp\/v2\/media?parent=45339"}],"wp:term":[{"taxonomy":"category","embeddable":true,"href":"https:\/\/linitiative.ca\/International\/wp-json\/wp\/v2\/categories?post=45339"},{"taxonomy":"post_tag","embeddable":true,"href":"https:\/\/linitiative.ca\/International\/wp-json\/wp\/v2\/tags?post=45339"}],"curies":[{"name":"wp","href":"https:\/\/api.w.org\/{rel}","templated":true}]}}