{"id":45340,"date":"2019-07-09T16:18:04","date_gmt":"2019-07-09T20:18:04","guid":{"rendered":"https:\/\/linitiative.ca\/International\/lancement-officiel-du-conseil-national-du-dialogue-du-congo\/"},"modified":"2019-07-09T16:18:04","modified_gmt":"2019-07-09T20:18:04","slug":"lancement-officiel-du-conseil-national-du-dialogue-du-congo","status":"publish","type":"post","link":"https:\/\/linitiative.ca\/International\/lancement-officiel-du-conseil-national-du-dialogue-du-congo\/","title":{"rendered":"Lancement officiel du Conseil national du dialogue du Congo"},"content":{"rendered":"<div readability=\"32\">\n<p>Publi\u00e9 le 09.07.2019 \u00e0 21h18 par APA News<\/p>\n<\/div>\n<div readability=\"67\">\n<p>Le Premier ministre congolais, Cl\u00e9ment Mouamba a proc\u00e9d\u00e9, mardi \u00e0 Brazzaville, au lancement officiel des activit\u00e9s du Conseil national du dialogue (CND).\u00ab Le lancement officiel des travaux du Secr\u00e9tariat permanent du Conseil National du Dialogue a une port\u00e9e politique ind\u00e9niable qui marque un tournant dans notre capacit\u00e9 \u00e0 int\u00e9grer progressivement le dialogue comme une exigence de salut patriotique et politique \u00bb, a indiqu\u00e9 Cl\u00e9ment Mouamba lors de cette c\u00e9r\u00e9monie.<\/p>\n<p>Il a salu\u00e9 cette belle innovation congolaise dans la recherche de sa paix et de sa stabilit\u00e9, affirmant que \u00ab nous devons avoir le courage de tirer les le\u00e7ons de notre pass\u00e9 politique qui a connu de nombreux concertations et dialogues politiques, souvent tenus sous pression d\u2019\u00e9v\u00e8nements critiques \u00bb.<\/p>\n<p>Pour Cl\u00e9ment Mouamba, \u00ab cette rencontre r\u00e9sulte de la manifestation souveraine du Congo qui a d\u00e9cid\u00e9 de tourner le dos \u00e0 l\u2019inertie dans le domaine de la vie politique, \u00e9conomique et sociale \u00bb.<\/p>\n<p>Prenant la parole, Mb\u00e9ri Martin, pr\u00e9sident du CND a d\u00e9clar\u00e9 que \u00ab l\u2019heure a sonn\u00e9 pour qu\u2019ensemble le peuple congolais s\u2019engage r\u00e9solument et d\u00e9finitivement dans une voie du dialogue afin que nous soyons unis \u00bb.<\/p>\n<p>Le lancement des activit\u00e9s du CND a \u00e9t\u00e9 suivi de l\u2019ouverture d\u2019un s\u00e9minaire de trois jours qui connait la participation des acteurs politiques, de la soci\u00e9t\u00e9 civile, des femmes, des jeunes, des sages et des notabilit\u00e9s traditionnelles. Cette rencontre vise \u00e0 chercher des strat\u00e9gies de p\u00e9rennisation de la paix dans le d\u00e9partement du Pool qui a connu pr\u00e8s de vingt-six mois de troubles arm\u00e9s entretenus par les Ninjas du Pasteur Ntumi.<\/p>\n<\/div>\n<p>Auteur: APA News<br \/>\n<a href=\"https:\/\/www.journalducameroun.com\/lancement-officiel-du-conseil-national-du-dialogue-du-congo\/\">Cliquez ici pour lire l&rsquo;article depuis sa source.<\/a><\/p>\n","protected":false},"excerpt":{"rendered":"<p>Publi\u00e9 le 09.07.2019 \u00e0 21h18 par APA News Le Premier ministre congolais, Cl\u00e9ment Mouamba a proc\u00e9d\u00e9, mardi \u00e0 Brazzaville, au lancement officiel des activit\u00e9s du Conseil national du dialogue (CND).\u00ab Le lancement officiel des travaux du Secr\u00e9tariat permanent du Conseil National du Dialogue a une port\u00e9e politique ind\u00e9niable qui marque un tournant dans notre capacit\u00e9 [&hellip;]<\/p>\n","protected":false},"author":1965,"featured_media":0,"comment_status":"closed","ping_status":"closed","sticky":false,"template":"","format":"standard","meta":{"fifu_image_url":"","fifu_image_alt":"","footnotes":""},"categories":[73,82],"tags":[],"class_list":["post-45340","post","type-post","status-publish","format-standard","hentry","category-actualite","category-cameroun"],"_links":{"self":[{"href":"https:\/\/linitiative.ca\/International\/wp-json\/wp\/v2\/posts\/45340","targetHints":{"allow":["GET"]}}],"collection":[{"href":"https:\/\/linitiative.ca\/International\/wp-json\/wp\/v2\/posts"}],"about":[{"href":"https:\/\/linitiative.ca\/International\/wp-json\/wp\/v2\/types\/post"}],"author":[{"embeddable":true,"href":"https:\/\/linitiative.ca\/International\/wp-json\/wp\/v2\/users\/1965"}],"replies":[{"embeddable":true,"href":"https:\/\/linitiative.ca\/International\/wp-json\/wp\/v2\/comments?post=45340"}],"version-history":[{"count":0,"href":"https:\/\/linitiative.ca\/International\/wp-json\/wp\/v2\/posts\/45340\/revisions"}],"wp:attachment":[{"href":"https:\/\/linitiative.ca\/International\/wp-json\/wp\/v2\/media?parent=45340"}],"wp:term":[{"taxonomy":"category","embeddable":true,"href":"https:\/\/linitiative.ca\/International\/wp-json\/wp\/v2\/categories?post=45340"},{"taxonomy":"post_tag","embeddable":true,"href":"https:\/\/linitiative.ca\/International\/wp-json\/wp\/v2\/tags?post=45340"}],"curies":[{"name":"wp","href":"https:\/\/api.w.org\/{rel}","templated":true}]}}