{"id":45342,"date":"2019-07-09T17:18:03","date_gmt":"2019-07-09T21:18:03","guid":{"rendered":"https:\/\/linitiative.ca\/International\/convergence-du-cfa-vers-leco-aucune-monnaie-nest-condamnee-ouattara\/"},"modified":"2019-07-09T17:18:03","modified_gmt":"2019-07-09T21:18:03","slug":"convergence-du-cfa-vers-leco-aucune-monnaie-nest-condamnee-ouattara","status":"publish","type":"post","link":"https:\/\/linitiative.ca\/International\/convergence-du-cfa-vers-leco-aucune-monnaie-nest-condamnee-ouattara\/","title":{"rendered":"Convergence du CFA vers l\u2019Eco: \u00abaucune monnaie n\u2019est condamn\u00e9e\u00bb (Ouattara)"},"content":{"rendered":"<div readability=\"32\">\n<p>Publi\u00e9 le 09.07.2019 \u00e0 22h18 par APA News<\/p>\n<\/div>\n<div readability=\"84\">\n<p>Le pr\u00e9sident ivoirien Alassane Ouattara a soutenu mardi en France relativement \u00e0 la convergence du franc CFA vers l\u2019Eco (nouvelle monnaie unique en pr\u00e9paration de la Communaut\u00e9 \u00e9conomique des Etats de l\u2019Afrique de l\u2019ouest +CEDEAO+) \u00ab qu\u2019aucune monnaie n\u2019est condamn\u00e9e \u00bb, car les \u00ab monnaies vivent aux rythmes des Etats \u00bb.M. Ouattara a fait cette d\u00e9claration au sortir d\u2019un entretien de plus d\u2019une heure d\u2019horloge avec son homologue fran\u00e7ais, Emmanuel Macron. \u00a0Les \u00e9changes entre les deux personnalit\u00e9s ont port\u00e9 sur la coop\u00e9ration bilat\u00e9rale entre la C\u00f4te d\u2019Ivoire et la France ainsi que sur les questions r\u00e9gionales, continentales et internationales.<\/p>\n<p>A propos de la monnaie unique de la CEDEAO, le pr\u00e9sident Alassane \u00a0Ouattara a r\u00e9it\u00e9r\u00e9 la volont\u00e9 des Chefs d\u2019Etat de la sous-r\u00e9gion \u00a0ouest-africaine d\u2019oeuvrer \u00e0 la mise place de cette monnaie le plus t\u00f4t \u00a0possible.<\/p>\n<p>\u00ab Les chefs d\u2019Etat de la CEDEAO ont d\u00e9cid\u00e9 qu\u2019ensemble \u00e0 15, nous allons mettre en place une nouvelle monnaie qui s\u2019appelle l\u2019Eco. Nous allons continuer d\u2019y travailler. Nous esp\u00e9rons que cela pourrait se faire le plus t\u00f4t possible. C\u2019est cela le v\u0153u des populations et nous y travaillons. Vous pouvez compter sur les chefs d\u2019Etat\u00bb, a indiqu\u00e9 le num\u00e9ro un ivoirien.<\/p>\n<p>\u00abAucune monnaie n\u2019est condamn\u00e9e. Les monnaies vivent aux rythmes des Etats. La C\u00f4te d\u2019Ivoire est un pays qui se porte bien et le franc CFA se porte bien\u00bb, a assur\u00e9 M. Ouattara.<\/p>\n<p>Selon lui, les crit\u00e8res de convergence du franc CFA vers l\u2019Eco pour 2020 d\u00e9pendent de la volont\u00e9 de chaque Etat. \u00ab En ce qui concerne la C\u00f4te d\u2019Ivoire, \u00a0les crit\u00e8res de convergence pour 2020 sont respect\u00e9s. Mais, de nombreux pays ne les respectent pas\u00bb, a d\u00e9plor\u00e9 M. Ouattara, soulignant \u00ab qu\u2019il faudrait que ces crit\u00e8res soient atteints par tous les pays avant d\u2019y aller \u00bb.<\/p>\n<p>\u00ab Ce que nous avons arr\u00eat\u00e9, c\u2019est que les pays qui sont pr\u00eats, par exemple comme ceux de l\u2019UEMOA (Union \u00e9conomique et mon\u00e9taire ouest africaine) qui ont fait des efforts importants avec une bonne gestion, la ma\u00eetrise des d\u00e9ficits et de la dette, sont sans aucun doute pr\u00eats pour 2020\u00bb, a estim\u00e9 le pr\u00e9sident ivoirien, ajoutant qu\u2019il appartiendra aux chefs d\u2019\u00c9tat de cette zone de prendre une d\u00e9cision.<\/p>\n<p>La CEDEAO veut acc\u00e9l\u00e9rer le chantier de la monnaie unique de l\u2019organisation en vue de sa mise en \u0153uvre en 2020. Cette monnaie unique d\u00e9nomm\u00e9e l\u2019Eco, si elle est adopt\u00e9e, devrait entre autres permettre, \u00a0de r\u00e9soudre les probl\u00e8mes mon\u00e9taires de l\u2019Afrique de l\u2019ouest, renforcer la confiance des investisseurs et promouvoir le commerce dans la sous-r\u00e9gion. La CEDEAO qui compte 15 pays membres est un espace de plus de 300 millions d\u2019habitants.<\/p>\n<\/div>\n<p>Auteur: APA News<br \/>\n<a href=\"https:\/\/www.journalducameroun.com\/convergence-du-cfa-vers-leco-aucune-monnaie-nest-condamnee-ouattara\/\">Cliquez ici pour lire l&rsquo;article depuis sa source.<\/a><\/p>\n","protected":false},"excerpt":{"rendered":"<p>Publi\u00e9 le 09.07.2019 \u00e0 22h18 par APA News Le pr\u00e9sident ivoirien Alassane Ouattara a soutenu mardi en France relativement \u00e0 la convergence du franc CFA vers l\u2019Eco (nouvelle monnaie unique en pr\u00e9paration de la Communaut\u00e9 \u00e9conomique des Etats de l\u2019Afrique de l\u2019ouest +CEDEAO+) \u00ab qu\u2019aucune monnaie n\u2019est condamn\u00e9e \u00bb, car les \u00ab monnaies vivent aux [&hellip;]<\/p>\n","protected":false},"author":1965,"featured_media":0,"comment_status":"closed","ping_status":"closed","sticky":false,"template":"","format":"standard","meta":{"fifu_image_url":"","fifu_image_alt":"","footnotes":""},"categories":[73,82],"tags":[],"class_list":["post-45342","post","type-post","status-publish","format-standard","hentry","category-actualite","category-cameroun"],"_links":{"self":[{"href":"https:\/\/linitiative.ca\/International\/wp-json\/wp\/v2\/posts\/45342","targetHints":{"allow":["GET"]}}],"collection":[{"href":"https:\/\/linitiative.ca\/International\/wp-json\/wp\/v2\/posts"}],"about":[{"href":"https:\/\/linitiative.ca\/International\/wp-json\/wp\/v2\/types\/post"}],"author":[{"embeddable":true,"href":"https:\/\/linitiative.ca\/International\/wp-json\/wp\/v2\/users\/1965"}],"replies":[{"embeddable":true,"href":"https:\/\/linitiative.ca\/International\/wp-json\/wp\/v2\/comments?post=45342"}],"version-history":[{"count":0,"href":"https:\/\/linitiative.ca\/International\/wp-json\/wp\/v2\/posts\/45342\/revisions"}],"wp:attachment":[{"href":"https:\/\/linitiative.ca\/International\/wp-json\/wp\/v2\/media?parent=45342"}],"wp:term":[{"taxonomy":"category","embeddable":true,"href":"https:\/\/linitiative.ca\/International\/wp-json\/wp\/v2\/categories?post=45342"},{"taxonomy":"post_tag","embeddable":true,"href":"https:\/\/linitiative.ca\/International\/wp-json\/wp\/v2\/tags?post=45342"}],"curies":[{"name":"wp","href":"https:\/\/api.w.org\/{rel}","templated":true}]}}