{"id":45372,"date":"2019-07-09T14:18:51","date_gmt":"2019-07-09T18:18:51","guid":{"rendered":"https:\/\/linitiative.ca\/International\/energie-electrique-la-solution-qui-vient-orange-cameroun\/"},"modified":"2019-07-09T14:18:51","modified_gmt":"2019-07-09T18:18:51","slug":"energie-electrique-la-solution-qui-vient-orange-cameroun","status":"publish","type":"post","link":"https:\/\/linitiative.ca\/International\/energie-electrique-la-solution-qui-vient-orange-cameroun\/","title":{"rendered":"Energie \u00e9lectrique : la solution qui vient Orange Cameroun"},"content":{"rendered":"<p>De \u00ab<em>l\u2019inclusion financi\u00e8re<\/em>\u00bb \u00e0 \u00ab<em>l\u2019inclusion \u00e9nerg\u00e9tique<\/em>\u00bb. C\u2019est de fa\u00e7on g\u00e9n\u00e9rale, le message pass\u00e9 par <strong>Fr\u00e9d\u00e9ric Debord<\/strong>, le directeur g\u00e9n\u00e9ral <strong>d\u2019Orange Cameroun<\/strong>, face \u00e0 la presse. Inclusion financi\u00e8re avec la solution \u00ab<em>Orange Money<\/em>\u00bb, et l\u2019inclusion \u00e9nerg\u00e9tique, n\u00e9e d\u2019un nouvel outil mis en vente par la soci\u00e9t\u00e9 de t\u00e9l\u00e9phonie mobile: le kit \u00ab<em>Orange Energie<\/em>\u00bb. Ce dispositif g\u00e9n\u00e9rateur de courant \u00e9lectrique est compos\u00e9, d\u2019apr\u00e8s <strong>Justo Ep\u00e9e<\/strong>, le chef de projet \u00ab<em>Orange Energie<\/em>\u00bb, d\u2019une unit\u00e9 centrale dot\u00e9e d\u2019une batterie de <strong>128 W<\/strong>h, d\u2019un syst\u00e8me de contr\u00f4le Plug\u2019n\u2019play et d\u2019une t\u00e9l\u00e9commande. Le kit \u00ab<em>Orange Energie<\/em>\u00bb, c\u2019est \u00e9galement un panneau solaire de <strong>50 W<\/strong>, trois ampoules de <strong>300 lumens<\/strong> munis de <strong>8m<\/strong> de c\u00e2bles par lampe. Orange Cameroun a par ailleurs introduit dans cet outil innovant, une <strong>Flybox 4G<\/strong> et un t\u00e9l\u00e9viseur HD de <strong>24 pouces<\/strong>.<\/p>\n<p>Les m\u00e9nages camerounais subissent en effet des d\u00e9sagr\u00e9ments en fourniture d\u2019\u00e9nergie \u00e9lectrique. D\u2019apr\u00e8s de r\u00e9cents chiffres fournis par l\u2019Institut national de la statistique (<strong>INS<\/strong>), <strong>79%<\/strong> des m\u00e9nages des zones rurales n\u2019ont pas acc\u00e8s \u00e0 l\u2019\u00e9lectricit\u00e9 au Cameroun. <strong>7%<\/strong> en zone urbaine. En somme, 61% des m\u00e9nages camerounais ont acc\u00e8s \u00e0 l\u2019\u00e9nergie. D\u2019apr\u00e8s Fr\u00e9d\u00e9ric Debord, \u00ab<em>si sur <strong>18.000 localit\u00e9s<\/strong>, seulement <strong>3000<\/strong> sont \u00e9lectrifi\u00e9es, la qualit\u00e9 et la quantit\u00e9 de l\u2019offre est incontestablement insuffisante<\/em>\u00bb. D\u2019o\u00f9, la cr\u00e9ation du kit \u00ab<em>Orange Energie<\/em>\u00bb. Selon Justo Ep\u00e9e pr\u00e9sente les avantages du produit, c\u2019est \u00ab<em>un kit pratique et robuste, accessible et avantageux financi\u00e8rement, pas de risque, qualit\u00e9 garantie et un service \u00e9volutif<\/em>\u00bb, insiste le chef de projet. Orange Cameroun offre ainsi quatre gammes aux potentiels utilisateurs du kit: \u00ab<em>Orange Energie Classique<\/em>\u00bb, compos\u00e9 d\u2019une unit\u00e9 centrale, d\u2019un panneau solaire et de <strong>3 ampoules<\/strong>, \u00ab<em>Orange Energie Connect<\/em>\u00bb, muni d\u2019une unit\u00e9 centrale, d\u2019un panneau solaire, de <strong>3 ampoules Led<\/strong> et d\u2019une Flybox, \u00ab<em>Orange Energie Play<\/em>\u00bb, dot\u00e9 d\u2019une unit\u00e9 centrale, d\u2019un panneau solaire, de <strong>3 ampoules Led<\/strong> et d\u2019un t\u00e9l\u00e9viseur, puis \u00ab<em>Orange Energie Full Pack<\/em>\u00bb, comprenant une unit\u00e9 centrale, un panneau solaire, <strong>3 ampoules Led<\/strong>, une Flybox et d\u2019un t\u00e9l\u00e9viseur.<\/p>\n<p>Le produit est disponible dans les agences Orange Cameroun \u00ab<em>dans un premier temps<\/em>\u00bb, pr\u00e9cision de Justo Ep\u00e9e. A Douala, Yaound\u00e9, Bafoussam, Ngaound\u00e9r\u00e9, Garoua, Bertoua et Maroua, prochainement \u00e0 travers des partenaires nationwide Orange Cameroun.<\/p>\n<div class=\"about-author about-author-box container-wrapper\">\n<div class=\"author-avatar\">\n<p><img decoding=\"async\" src=\"http:\/\/\" alt=\"\"\/><\/p>\n<\/div>\n<p><h4>La R\u00e9daction EcoMatin<\/h4>\n<\/p>\n<\/div>\n<div class=\"awac-wrapper awac widget blog_subscription-2\">\n<h4 class=\"widget-title\">Abonnez-vous \u00e0 notre lettre d&rsquo;information<\/h4>\n<\/div>\n<p>Auteur: EcoMatin<br \/>\n<a href=\"https:\/\/ecomatin.net\/energie-electrique-la-solution-qui-vient-orange-cameroun\/\">Cliquez ici pour lire l&rsquo;article depuis sa source.<\/a><\/p>\n","protected":false},"excerpt":{"rendered":"<p>De \u00abl\u2019inclusion financi\u00e8re\u00bb \u00e0 \u00abl\u2019inclusion \u00e9nerg\u00e9tique\u00bb. C\u2019est de fa\u00e7on g\u00e9n\u00e9rale, le message pass\u00e9 par Fr\u00e9d\u00e9ric Debord, le directeur g\u00e9n\u00e9ral d\u2019Orange Cameroun, face \u00e0 la presse. Inclusion financi\u00e8re avec la solution \u00abOrange Money\u00bb, et l\u2019inclusion \u00e9nerg\u00e9tique, n\u00e9e d\u2019un nouvel outil mis en vente par la soci\u00e9t\u00e9 de t\u00e9l\u00e9phonie mobile: le kit \u00abOrange Energie\u00bb. Ce dispositif g\u00e9n\u00e9rateur [&hellip;]<\/p>\n","protected":false},"author":1969,"featured_media":0,"comment_status":"closed","ping_status":"closed","sticky":false,"template":"","format":"standard","meta":{"fifu_image_url":"","fifu_image_alt":"","footnotes":""},"categories":[82,78],"tags":[],"class_list":["post-45372","post","type-post","status-publish","format-standard","hentry","category-cameroun","category-economie"],"_links":{"self":[{"href":"https:\/\/linitiative.ca\/International\/wp-json\/wp\/v2\/posts\/45372","targetHints":{"allow":["GET"]}}],"collection":[{"href":"https:\/\/linitiative.ca\/International\/wp-json\/wp\/v2\/posts"}],"about":[{"href":"https:\/\/linitiative.ca\/International\/wp-json\/wp\/v2\/types\/post"}],"author":[{"embeddable":true,"href":"https:\/\/linitiative.ca\/International\/wp-json\/wp\/v2\/users\/1969"}],"replies":[{"embeddable":true,"href":"https:\/\/linitiative.ca\/International\/wp-json\/wp\/v2\/comments?post=45372"}],"version-history":[{"count":0,"href":"https:\/\/linitiative.ca\/International\/wp-json\/wp\/v2\/posts\/45372\/revisions"}],"wp:attachment":[{"href":"https:\/\/linitiative.ca\/International\/wp-json\/wp\/v2\/media?parent=45372"}],"wp:term":[{"taxonomy":"category","embeddable":true,"href":"https:\/\/linitiative.ca\/International\/wp-json\/wp\/v2\/categories?post=45372"},{"taxonomy":"post_tag","embeddable":true,"href":"https:\/\/linitiative.ca\/International\/wp-json\/wp\/v2\/tags?post=45372"}],"curies":[{"name":"wp","href":"https:\/\/api.w.org\/{rel}","templated":true}]}}