{"id":45376,"date":"2019-07-10T06:29:59","date_gmt":"2019-07-10T10:29:59","guid":{"rendered":"https:\/\/linitiative.ca\/International\/transports-ferroviaires-alstom-renforce-sa-presence-industrielle-au-maroc\/"},"modified":"2019-07-10T06:29:59","modified_gmt":"2019-07-10T10:29:59","slug":"transports-ferroviaires-alstom-renforce-sa-presence-industrielle-au-maroc","status":"publish","type":"post","link":"https:\/\/linitiative.ca\/International\/transports-ferroviaires-alstom-renforce-sa-presence-industrielle-au-maroc\/","title":{"rendered":"Transports ferroviaires : Alstom renforce sa pr\u00e9sence industrielle au Maroc"},"content":{"rendered":"<header>\n<div class=\"entry-post-meta\">\n<div class=\"author-link\">Publi\u00e9 par <a itemprop=\"author\" itemscope=\"\" itemtype=\"https:\/\/schema.org\/Person\" href=\"http:\/\/aujourdhui.ma\/profile\/kaid\" rel=\"author\"><span itemprop=\"name\">ALM<\/span><\/a><\/div>\n<p>Date\u00a0:<time content=\"2019-07-10T11:29:59+00:00\" class=\"entry-date updated\" datetime=\"2019-07-10T11:29:59+00:00\">juillet 10, 2019<\/time><\/p>\n<div class=\"entry-cat\">dans:<a href=\"http:\/\/aujourdhui.ma\/category\/economie\" rel=\"category tag\">Economie<\/a><\/div>\n<p>0 Vues<\/p>\n<\/div>\n<\/header>\n<div class=\"entry-content clearfix\" readability=\"65\"><img decoding=\"async\" class=\"post_layout_5_img\" src=\"http:\/\/aujourdhui.ma\/wp-content\/uploads\/2019\/07\/ALSTOM-DAY.jpg?x29840\" alt=\"Transports ferroviaires : Alstom renforce sa pr\u00e9sence industrielle au Maroc\"\/><\/p>\n<p class=\"p1\"><span class=\"c4\"><strong>Alstom vient de pr\u00e9senter son plan strat\u00e9gique pour 2019-2023 ainsi que les r\u00e9alisations et la vision d\u2019Alstom Maroc. Dans le d\u00e9tail, le Groupe a d\u00e9voil\u00e9 r\u00e9cemment son intention de renforcer sa pr\u00e9sence industrielle au Maroc.<\/strong><\/span><span id=\"more-314707\"\/><\/p>\n<p class=\"p1\">A cette occasion, Didier Pfleger, pr\u00e9sident d\u2019Alstom en Moyen-Orient et Afrique a mis en avant la nouvelle strat\u00e9gie du Groupe<span class=\"Apple-converted-space\">\u00a0<\/span> \u00abAlstom in Motion\u00bb.<\/p>\n<p class=\"p1\">Celle-ci b\u00e9n\u00e9ficie de sa propre identit\u00e9 visuelle et vise \u00e0 faire d\u2019Alstom un acteur innovant pour une mobilit\u00e9 durable et intelligente, en particulier sur le march\u00e9 d\u2019Afrique et du Moyen-Orient dont la taille est estim\u00e9e \u00e0 10 milliards d\u2019euros par an et ce, \u00e0 l\u2019horizon 2023.<\/p>\n<p class=\"p1\">Dans cette perspective, le groupe envisage de continuer \u00e0 cro\u00eetre en renfor\u00e7ant le nombre de ses sites de production, d\u2019innover dans des solutions de mobilit\u00e9 plus vertes et plus intelligentes et de r\u00e9pondre efficacement \u00e0 la contrainte de livraison gr\u00e2ce \u00e0 la puissance digitale.<\/p>\n<p class=\"p1\">De son cot\u00e9, Nourddine Rhalmi, le pr\u00e9sident-directeur g\u00e9n\u00e9ral d\u2019Alstom Maroc, a pr\u00e9cis\u00e9 que la soci\u00e9t\u00e9 \u0153uvre pour \u00eatre un partenaire fiable du Maroc en accompagnant les projets embl\u00e9matiques du pays tels que la ligne \u00e0 grande vitesse (LGV) et les tramways des villes de Rabat-Sal\u00e9 et de Casablanca, ainsi qu\u2019\u00e0 travers les travaux de maintenance des locomotives \u00e9lectriques de l\u2019Office national des chemins de fer (ONCF) dans les villes de Tanger, Marrakech, F\u00e8s et Casablanca. Dans ce contexte, cette strat\u00e9gie tend \u00e0 poursuivre le d\u00e9veloppement ferroviaire et \u00e0 miser sur le cablage, rel\u00e8ve Nourddine Rhalmi.<\/p>\n<\/div>\n<p>Auteur: ALM<br \/>\n<a href=\"http:\/\/aujourdhui.ma\/economie\/transports-ferroviaires-alstom-renforce-sa-presence-industrielle-au-maroc\">Cliquez ici pour lire l&rsquo;article depuis sa source.<\/a><\/p>\n","protected":false},"excerpt":{"rendered":"<p>Publi\u00e9 par ALM Date\u00a0:juillet 10, 2019 dans:Economie 0 Vues Alstom vient de pr\u00e9senter son plan strat\u00e9gique pour 2019-2023 ainsi que les r\u00e9alisations et la vision d\u2019Alstom Maroc. Dans le d\u00e9tail, le Groupe a d\u00e9voil\u00e9 r\u00e9cemment son intention de renforcer sa pr\u00e9sence industrielle au Maroc. A cette occasion, Didier Pfleger, pr\u00e9sident d\u2019Alstom en Moyen-Orient et Afrique [&hellip;]<\/p>\n","protected":false},"author":1759,"featured_media":0,"comment_status":"closed","ping_status":"closed","sticky":false,"template":"","format":"standard","meta":{"fifu_image_url":"","fifu_image_alt":"","footnotes":""},"categories":[73,54],"tags":[],"class_list":["post-45376","post","type-post","status-publish","format-standard","hentry","category-actualite","category-maroc"],"_links":{"self":[{"href":"https:\/\/linitiative.ca\/International\/wp-json\/wp\/v2\/posts\/45376","targetHints":{"allow":["GET"]}}],"collection":[{"href":"https:\/\/linitiative.ca\/International\/wp-json\/wp\/v2\/posts"}],"about":[{"href":"https:\/\/linitiative.ca\/International\/wp-json\/wp\/v2\/types\/post"}],"author":[{"embeddable":true,"href":"https:\/\/linitiative.ca\/International\/wp-json\/wp\/v2\/users\/1759"}],"replies":[{"embeddable":true,"href":"https:\/\/linitiative.ca\/International\/wp-json\/wp\/v2\/comments?post=45376"}],"version-history":[{"count":0,"href":"https:\/\/linitiative.ca\/International\/wp-json\/wp\/v2\/posts\/45376\/revisions"}],"wp:attachment":[{"href":"https:\/\/linitiative.ca\/International\/wp-json\/wp\/v2\/media?parent=45376"}],"wp:term":[{"taxonomy":"category","embeddable":true,"href":"https:\/\/linitiative.ca\/International\/wp-json\/wp\/v2\/categories?post=45376"},{"taxonomy":"post_tag","embeddable":true,"href":"https:\/\/linitiative.ca\/International\/wp-json\/wp\/v2\/tags?post=45376"}],"curies":[{"name":"wp","href":"https:\/\/api.w.org\/{rel}","templated":true}]}}