{"id":45399,"date":"2019-07-10T07:05:00","date_gmt":"2019-07-10T11:05:00","guid":{"rendered":"https:\/\/linitiative.ca\/International\/rassemblement-de-soutien-en-cours-pour-bouregaa-et-12-autres-detenus\/"},"modified":"2019-07-10T07:05:00","modified_gmt":"2019-07-10T11:05:00","slug":"rassemblement-de-soutien-en-cours-pour-bouregaa-et-12-autres-detenus","status":"publish","type":"post","link":"https:\/\/linitiative.ca\/International\/rassemblement-de-soutien-en-cours-pour-bouregaa-et-12-autres-detenus\/","title":{"rendered":"Rassemblement de soutien en cours pour Boureg\u00e2a et 12 autres d\u00e9tenus"},"content":{"rendered":"<div id=\"originalText\" readability=\"71\">\n<p>Des citoyens, des militants des droits de l\u2019homme, ainsi que des hommes politiques issus de l\u2019opposition, observent, depuis ce matin, un rassemblement de soutien aux Ruisseaux, \u00e0 Alger, en guise de soutien au moudjahid Lakhdar Boureg\u00e2a et 12 autres d\u00e9tenus d\u2019opinion, principalement des manifestants, qui passent aujourd\u2019hui devant la chambre d\u2019accusation pr\u00e8s la cour d\u2019Alger.<\/p>\n<p><iframe loading=\"lazy\" allowfullscreen=\"true\" allowtransparency=\"true\" frameborder=\"0\" height=\"338\" scrolling=\"no\" src=\"https:\/\/www.facebook.com\/plugins\/video.php?href=https%3A%2F%2Fwww.facebook.com%2FJournaLiberteOfficiel%2Fvideos%2F2502478586502863%2F&#038;show_text=0&#038;width=560\" class=\"c10\" width=\"560\">[embedded content]<\/iframe><\/p>\n<p>Selon ma\u00eetre Bouzid Yacine, interrog\u00e9 sur les lieux, \u00able collectif d\u2019avocats qui s\u2019est constitu\u00e9 pour la d\u00e9fense des manifestants emprisonn\u00e9s pour port de l\u2019embl\u00e8me Amazigh, ainsi que du moudjahid et ancien maquisard, Lakhdar Boureg\u00e2a, va boycotter la s\u00e9ance de plaidoirie devant la chambre d\u2019accusation\u00bb.<\/p>\n<p><iframe loading=\"lazy\" allowfullscreen=\"true\" allowtransparency=\"true\" frameborder=\"0\" height=\"338\" scrolling=\"no\" src=\"https:\/\/www.facebook.com\/plugins\/video.php?href=https%3A%2F%2Fwww.facebook.com%2FJournaLiberteOfficiel%2Fvideos%2F2238506169530072%2F&#038;show_text=0&#038;width=560\" class=\"c10\" width=\"560\">[embedded content]<\/iframe><\/p>\n<p>De son c\u00f4t\u00e9, ma\u00eetre Noureddine Benissad, pr\u00e9sident de la ligue alg\u00e9rienne des droits de l\u2019homme (LADDH), a expliqu\u00e9 \u00e0 Libert\u00e9 que cette d\u00e9cision \u00e9tait plut\u00f4t \u00abune action de protestation contre le recours abusif \u00e0 la d\u00e9tention provisoire\u00bb, s\u2019agissant du cas des 13 mis en cause.<\/p>\n<p>\u00abEnviron 200 avocats sont venus d\u2019un peu partout \u00e0 travers le territoire national, pour d\u00e9fendre le moudjahid Boureg\u00e2a et les manifestants emprisonn\u00e9s pour port de l\u2019embl\u00e8me Amazigh, et nous nous sommes finalement entendus pour demeurer \u00e0 l\u2019ext\u00e9rieur de la Cour pour exiger leur lib\u00e9ration imm\u00e9diate. L\u2019ensemble des avocats estiment ainsi que leur d\u00e9tention est une d\u00e9cision politique, et que leur lib\u00e9ration ne peut \u00eatre donc qu\u2019une d\u00e9cision politique\u00bb, a-t-il soutenu.<\/p>\n<p><iframe loading=\"lazy\" allowfullscreen=\"true\" allowtransparency=\"true\" frameborder=\"0\" height=\"338\" scrolling=\"no\" src=\"https:\/\/www.facebook.com\/plugins\/video.php?href=https%3A%2F%2Fwww.facebook.com%2FJournaLiberteOfficiel%2Fvideos%2F460560441434137%2F&#038;show_text=0&#038;width=560\" class=\"c10\" width=\"560\">[embedded content]<\/iframe><\/p>\n<p class=\"c11\"><strong>R\u00e9daction Web<\/strong><\/p>\n<\/div>\n<div id=\"text_core\" readability=\"71\">\n<p>Des citoyens, des militants des droits de l\u2019homme, ainsi que des hommes politiques issus de l\u2019opposition, observent, depuis ce matin, un rassemblement de soutien aux Ruisseaux, \u00e0 Alger, en guise de soutien au moudjahid Lakhdar Boureg\u00e2a et 12 autres d\u00e9tenus d\u2019opinion, principalement des manifestants, qui passent aujourd\u2019hui devant la chambre d\u2019accusation pr\u00e8s la cour d\u2019Alger.<\/p>\n<p><iframe loading=\"lazy\" allowfullscreen=\"true\" allowtransparency=\"true\" frameborder=\"0\" height=\"338\" scrolling=\"no\" src=\"https:\/\/www.facebook.com\/plugins\/video.php?href=https%3A%2F%2Fwww.facebook.com%2FJournaLiberteOfficiel%2Fvideos%2F2502478586502863%2F&#038;show_text=0&#038;width=560\" class=\"c10\" width=\"560\">[embedded content]<\/iframe><\/p>\n<p>Selon ma\u00eetre Bouzid Yacine, interrog\u00e9 sur les lieux, \u00able collectif d\u2019avocats qui s\u2019est constitu\u00e9 pour la d\u00e9fense des manifestants emprisonn\u00e9s pour port de l\u2019embl\u00e8me Amazigh, ainsi que du moudjahid et ancien maquisard, Lakhdar Boureg\u00e2a, va boycotter la s\u00e9ance de plaidoirie devant la chambre d\u2019accusation\u00bb.<\/p>\n<p><iframe loading=\"lazy\" allowfullscreen=\"true\" allowtransparency=\"true\" frameborder=\"0\" height=\"338\" scrolling=\"no\" src=\"https:\/\/www.facebook.com\/plugins\/video.php?href=https%3A%2F%2Fwww.facebook.com%2FJournaLiberteOfficiel%2Fvideos%2F2238506169530072%2F&#038;show_text=0&#038;width=560\" class=\"c10\" width=\"560\">[embedded content]<\/iframe><\/p>\n<p>De son c\u00f4t\u00e9, ma\u00eetre Noureddine Benissad, pr\u00e9sident de la ligue alg\u00e9rienne des droits de l\u2019homme (LADDH), a expliqu\u00e9 \u00e0 Libert\u00e9 que cette d\u00e9cision \u00e9tait plut\u00f4t \u00abune action de protestation contre le recours abusif \u00e0 la d\u00e9tention provisoire\u00bb, s\u2019agissant du cas des 13 mis en cause.<\/p>\n<p>\u00abEnviron 200 avocats sont venus d\u2019un peu partout \u00e0 travers le territoire national, pour d\u00e9fendre le moudjahid Boureg\u00e2a et les manifestants emprisonn\u00e9s pour port de l\u2019embl\u00e8me Amazigh, et nous nous sommes finalement entendus pour demeurer \u00e0 l\u2019ext\u00e9rieur de la Cour pour exiger leur lib\u00e9ration imm\u00e9diate. L\u2019ensemble des avocats estiment ainsi que leur d\u00e9tention est une d\u00e9cision politique, et que leur lib\u00e9ration ne peut \u00eatre donc qu\u2019une d\u00e9cision politique\u00bb, a-t-il soutenu.<\/p>\n<p><iframe loading=\"lazy\" allowfullscreen=\"true\" allowtransparency=\"true\" frameborder=\"0\" height=\"338\" scrolling=\"no\" src=\"https:\/\/www.facebook.com\/plugins\/video.php?href=https%3A%2F%2Fwww.facebook.com%2FJournaLiberteOfficiel%2Fvideos%2F460560441434137%2F&#038;show_text=0&#038;width=560\" class=\"c10\" width=\"560\">[embedded content]<\/iframe><\/p>\n<p class=\"c11\"><strong>R\u00e9daction Web<\/strong><\/p>\n<\/div>\n<p>Auteur:<br \/>\n<a href=\"https:\/\/www.liberte-algerie.com\/actualite\/rassemblement-de-soutien-en-cours-pour-bouregaa-et-12-autres-detenus-319711\">Cliquez ici pour lire l&rsquo;article depuis sa source.<\/a><\/p>\n","protected":false},"excerpt":{"rendered":"<p>Des citoyens, des militants des droits de l\u2019homme, ainsi que des hommes politiques issus de l\u2019opposition, observent, depuis ce matin, un rassemblement de soutien aux Ruisseaux, \u00e0 Alger, en guise de soutien au moudjahid Lakhdar Boureg\u00e2a et 12 autres d\u00e9tenus d\u2019opinion, principalement des manifestants, qui passent aujourd\u2019hui devant la chambre d\u2019accusation pr\u00e8s la cour d\u2019Alger. [&hellip;]<\/p>\n","protected":false},"author":1742,"featured_media":0,"comment_status":"closed","ping_status":"closed","sticky":false,"template":"","format":"standard","meta":{"fifu_image_url":"","fifu_image_alt":"","footnotes":""},"categories":[73,53],"tags":[],"class_list":["post-45399","post","type-post","status-publish","format-standard","hentry","category-actualite","category-algerie"],"_links":{"self":[{"href":"https:\/\/linitiative.ca\/International\/wp-json\/wp\/v2\/posts\/45399","targetHints":{"allow":["GET"]}}],"collection":[{"href":"https:\/\/linitiative.ca\/International\/wp-json\/wp\/v2\/posts"}],"about":[{"href":"https:\/\/linitiative.ca\/International\/wp-json\/wp\/v2\/types\/post"}],"author":[{"embeddable":true,"href":"https:\/\/linitiative.ca\/International\/wp-json\/wp\/v2\/users\/1742"}],"replies":[{"embeddable":true,"href":"https:\/\/linitiative.ca\/International\/wp-json\/wp\/v2\/comments?post=45399"}],"version-history":[{"count":0,"href":"https:\/\/linitiative.ca\/International\/wp-json\/wp\/v2\/posts\/45399\/revisions"}],"wp:attachment":[{"href":"https:\/\/linitiative.ca\/International\/wp-json\/wp\/v2\/media?parent=45399"}],"wp:term":[{"taxonomy":"category","embeddable":true,"href":"https:\/\/linitiative.ca\/International\/wp-json\/wp\/v2\/categories?post=45399"},{"taxonomy":"post_tag","embeddable":true,"href":"https:\/\/linitiative.ca\/International\/wp-json\/wp\/v2\/tags?post=45399"}],"curies":[{"name":"wp","href":"https:\/\/api.w.org\/{rel}","templated":true}]}}