{"id":45401,"date":"2019-07-10T12:45:00","date_gmt":"2019-07-10T16:45:00","guid":{"rendered":"https:\/\/linitiative.ca\/International\/bouregaa-et-les-12-detenus-dopinion-maintenus-en-prison\/"},"modified":"2019-07-10T12:45:00","modified_gmt":"2019-07-10T16:45:00","slug":"bouregaa-et-les-12-detenus-dopinion-maintenus-en-prison","status":"publish","type":"post","link":"https:\/\/linitiative.ca\/International\/bouregaa-et-les-12-detenus-dopinion-maintenus-en-prison\/","title":{"rendered":"Boureg\u00e2a et les 12 d\u00e9tenus d\u2019opinion maintenus en prison"},"content":{"rendered":"<div id=\"originalText\" readability=\"55\">\n<p>La chambre d\u2019accusation pr\u00e8s la Cour d\u2019Alger a confirm\u00e9, ce mercredi, la mise en d\u00e9tention provisoire du Moudjahid Lakhdar Boureg\u00e2a et 12 d\u00e9tenus d\u2019opinion, principalement des manifestants, arr\u00eat\u00e9s pour port de l\u2019embl\u00e8me Amazigh lors des marches du vendredi.<\/p>\n<p>Des citoyens, des militants des droits de l\u2019homme, ainsi que des hommes politiques issus de l\u2019opposition, ont observ\u00e9, ce matin, un rassemblement de soutien aux d\u00e9tenus, devant la Cour d\u2019Alger. \u00a0<\/p>\n<p>Pour rappel, le collectif d\u2019avocats qui s\u2019est constitu\u00e9 pour d\u00e9fendre l\u2019ancien maquisard et les 12 d\u00e9tenus d\u2019opinion, a boycott\u00e9 la s\u00e9ance de plaidoirie devant la chambre d\u2019accusation, pour protester contre \u00able recours abusif \u00e0 la mise en d\u00e9tention provisoire\u00bb.<\/p>\n<p class=\"c10\"><strong>R\u00e9daction Web<\/strong><\/p>\n<\/div>\n<div id=\"text_core\" readability=\"55\">\n<p>La chambre d\u2019accusation pr\u00e8s la Cour d\u2019Alger a confirm\u00e9, ce mercredi, la mise en d\u00e9tention provisoire du Moudjahid Lakhdar Boureg\u00e2a et 12 d\u00e9tenus d\u2019opinion, principalement des manifestants, arr\u00eat\u00e9s pour port de l\u2019embl\u00e8me Amazigh lors des marches du vendredi.<\/p>\n<p>Des citoyens, des militants des droits de l\u2019homme, ainsi que des hommes politiques issus de l\u2019opposition, ont observ\u00e9, ce matin, un rassemblement de soutien aux d\u00e9tenus, devant la Cour d\u2019Alger. \u00a0<\/p>\n<p>Pour rappel, le collectif d\u2019avocats qui s\u2019est constitu\u00e9 pour d\u00e9fendre l\u2019ancien maquisard et les 12 d\u00e9tenus d\u2019opinion, a boycott\u00e9 la s\u00e9ance de plaidoirie devant la chambre d\u2019accusation, pour protester contre \u00able recours abusif \u00e0 la mise en d\u00e9tention provisoire\u00bb.<\/p>\n<p class=\"c10\"><strong>R\u00e9daction Web<\/strong><\/p>\n<\/div>\n<p>Auteur:<br \/>\n<a href=\"https:\/\/www.liberte-algerie.com\/actualite\/bouregaa-et-les-12-detenus-dopinion-maintenus-en-prison-319714\">Cliquez ici pour lire l&rsquo;article depuis sa source.<\/a><\/p>\n","protected":false},"excerpt":{"rendered":"<p>La chambre d\u2019accusation pr\u00e8s la Cour d\u2019Alger a confirm\u00e9, ce mercredi, la mise en d\u00e9tention provisoire du Moudjahid Lakhdar Boureg\u00e2a et 12 d\u00e9tenus d\u2019opinion, principalement des manifestants, arr\u00eat\u00e9s pour port de l\u2019embl\u00e8me Amazigh lors des marches du vendredi. Des citoyens, des militants des droits de l\u2019homme, ainsi que des hommes politiques issus de l\u2019opposition, ont [&hellip;]<\/p>\n","protected":false},"author":1742,"featured_media":0,"comment_status":"closed","ping_status":"closed","sticky":false,"template":"","format":"standard","meta":{"fifu_image_url":"","fifu_image_alt":"","footnotes":""},"categories":[73,53],"tags":[],"class_list":["post-45401","post","type-post","status-publish","format-standard","hentry","category-actualite","category-algerie"],"_links":{"self":[{"href":"https:\/\/linitiative.ca\/International\/wp-json\/wp\/v2\/posts\/45401","targetHints":{"allow":["GET"]}}],"collection":[{"href":"https:\/\/linitiative.ca\/International\/wp-json\/wp\/v2\/posts"}],"about":[{"href":"https:\/\/linitiative.ca\/International\/wp-json\/wp\/v2\/types\/post"}],"author":[{"embeddable":true,"href":"https:\/\/linitiative.ca\/International\/wp-json\/wp\/v2\/users\/1742"}],"replies":[{"embeddable":true,"href":"https:\/\/linitiative.ca\/International\/wp-json\/wp\/v2\/comments?post=45401"}],"version-history":[{"count":0,"href":"https:\/\/linitiative.ca\/International\/wp-json\/wp\/v2\/posts\/45401\/revisions"}],"wp:attachment":[{"href":"https:\/\/linitiative.ca\/International\/wp-json\/wp\/v2\/media?parent=45401"}],"wp:term":[{"taxonomy":"category","embeddable":true,"href":"https:\/\/linitiative.ca\/International\/wp-json\/wp\/v2\/categories?post=45401"},{"taxonomy":"post_tag","embeddable":true,"href":"https:\/\/linitiative.ca\/International\/wp-json\/wp\/v2\/tags?post=45401"}],"curies":[{"name":"wp","href":"https:\/\/api.w.org\/{rel}","templated":true}]}}