{"id":45402,"date":"2019-07-10T10:29:03","date_gmt":"2019-07-10T14:29:03","guid":{"rendered":"https:\/\/linitiative.ca\/International\/cloture-en-beaute-du-27e-festival-sete-sois-sete-luas\/"},"modified":"2019-07-10T10:29:03","modified_gmt":"2019-07-10T14:29:03","slug":"cloture-en-beaute-du-27e-festival-sete-sois-sete-luas","status":"publish","type":"post","link":"https:\/\/linitiative.ca\/International\/cloture-en-beaute-du-27e-festival-sete-sois-sete-luas\/","title":{"rendered":"Cl\u00f4ture en beaut\u00e9 du 27\u00e8 Festival \u00ab\u00a0Sete Sois, Sete Luas\u00a0\u00bb"},"content":{"rendered":"<div readability=\"43\">\n<p>Essaouira \u2013 Le public, parmi les Souiris et les visiteurs de la cit\u00e9 des Aliz\u00e9s, a eu droit, mardi soir, \u00e0 un cocktail musical de toute beaut\u00e9, sign\u00e9 \u2018\u00a0\u00bbOrkestra Popular 7 Luas\u00a0\u00bb et la jeune troupe \u00ab\u00a0Oussoul Gnaoua\u00a0\u00bb et ce, \u00e0 la cl\u00f4ture de la 27\u00e8 \u00e9dition du Festival \u00ab\u00a0Sete Sois, Sete Luas\u00a0\u00bb (Sept Soleils, Sept Lunes).<\/p>\n<\/div>\n<div readability=\"124\">\n<p>Dans une ambiance festive riche en rythmes et sonorit\u00e9s d\u2019une musique universelle, l\u2019assistance a \u00e9t\u00e9 gratifi\u00e9e d\u2019un floril\u00e8ge de chansons in\u00e9dites interpr\u00e9t\u00e9es, avec brio, par cinq musiciens talentueux \u00e0 savoir: le Br\u00e9silien Roberto Bandeira, le Portugais Ricardo Cohelo, l\u2019Espagnol Javier Blanes, le Bissau-guin\u00e9en Manecas Costa et l\u2019Italienne Barbara Eramo.<\/p>\n<p>Des artistes confirm\u00e9s qui, en toute subtilit\u00e9 et avec une mixit\u00e9 in\u00e9galable, ont su associer et additionner, le temps d\u2019un concert, rythmes, chants et sonorit\u00e9s de 5 pays diff\u00e9rents: l\u2019Italie, le Br\u00e9sil, le Portugal, l\u2019Espagne et la Guin\u00e9e-Bissau, comme pour rappeler \u00e0 tous que la musique demeure incontestablement ce langage universel qui transcende les fronti\u00e8res pour conqu\u00e9rir les coeurs et les \u00e2mes.<\/p>\n<p>C\u2019est ainsi que les festivaliers pr\u00e9sents \u00e0 la cl\u00f4ture de la 27\u00e8 \u00e9dition du Festival \u00ab\u00a0Sete Sois, Sete Luas\u00a0\u00bb, ont \u00e9t\u00e9 convi\u00e9s \u00e0 voyager \u00e0 travers les musiques du monde, notamment avec un soup\u00e7on de fado, un brin de samba, deux doigts de saudade, des envol\u00e9es de sonorit\u00e9s m\u00e9di\u00e9vales et des nu\u00e9es de bel canto nimb\u00e9es de flamenco, le tout assaisonn\u00e9 de gumb\u00e9 et de musique gnaoua.<\/p>\n<p>Un autre moment inoubliable de cette soir\u00e9e a \u00e9t\u00e9 l\u2019entr\u00e9e majestueuse sur sc\u00e8ne des jeunes musiciens de la troupe souirie \u00ab\u00a0Oussoul Gnaoua\u00a0\u00bb venus se joindre \u00e0 l&rsquo;\u00a0\u00bbOrkestra Popular 7 Luas\u00a0\u00bb, le temps de faire vibrer le public gr\u00e2ce \u00e0 une fusion magnifique, avant de lui faire savourer l\u2019authenticit\u00e9 et surtout la singularit\u00e9 d\u2019un art ancestral et de rythmes riches et vari\u00e9s d\u2019une musique qui se trouve ais\u00e9ment rehauss\u00e9e vers l\u2019universalit\u00e9.<\/p>\n<p>Dans une allocution de circonstance, Kaoutar Chakir Benamara, secr\u00e9taire g\u00e9n\u00e9rale de l\u2019Association Essaouira-Mogador, a relev\u00e9 que \u00a0\u00bbla musique rassemble les peuples et permet de ressentir les m\u00eames \u00e9motions\u00a0\u00bb.<\/p>\n<p>\u00ab\u00a0Quelle que soit notre langue, notre couleur de peau, nos opinions politiques ou nos mani\u00e8res d\u2019exprimer l\u2019amour et l\u2019espoir, la musique nous parle\u00a0\u00bb, a-t-elle dit, rappelant que la musique a ce pouvoir naturel et ce don universel de rassembler les peuples o\u00f9 ils se trouvent.<\/p>\n<p>Et de poursuivre qu&rsquo;\u00a0\u00bben assistant \u00e0 ce concert embl\u00e9matique de cl\u00f4ture, nous soutenons la cr\u00e9ation musicale et un projet audacieux qui a os\u00e9 m\u00e9langer les musiques du monde\u00a0\u00bb.<\/p>\n<p>A noter que la 27\u00e8 \u00e9dition du Festival \u00ab\u00a0Sete Sois, Sete Luas\u00a0\u00bb a \u00e9t\u00e9 l\u2019occasion pour le grand street-artiste portugais Hugo Pinhao (Nark), de r\u00e9aliser \u00e0 proximit\u00e9 de Bab Seb\u00e2a, une fresque murale g\u00e9ante illustrant le portrait d\u2019un vieil homme o\u00f9 sont pr\u00e9sentes \u00e9galement la Sekkala du port et des barques de p\u00eache.<\/p>\n<p>Initi\u00e9 en partenariat avec l\u2019Association Essaouira-Mogador, ce festival se fixe pour finalit\u00e9 de promouvoir le dialogue interculturel, la mobilit\u00e9 et le rassemblement d\u2019\u00e9nergies et de talents, afin de proposer chaque \u00e9t\u00e9 un programme \u00e9clectique et diversifi\u00e9.<\/p>\n<p>Le Festival \u00ab\u00a0Sete Sois, Sete Luas\u00a0\u00bb est mis en oeuvre par un R\u00e9seau culturel d\u2019une trentaine de villes repr\u00e9sentant une dizaine de pays de la M\u00e9diterran\u00e9e et du monde lusophone \u00e0 savoir: le Br\u00e9sil, le Cap Vert, la Croatie, l\u2019Espagne, la France, l\u2019Italie, le Maroc, le Portugal, la Slov\u00e9nie et la Tunisie, rappelle-t-on.<\/p>\n<\/div>\n<p>Auteur: Meriem IGASS<br \/>\n<a href=\"http:\/\/www.mapmarrakech.ma\/fr\/cloture-en-toute-beaute-du-27e-festival-sete-sois-sete-luas\/\">Cliquez ici pour lire l&rsquo;article depuis sa source.<\/a><\/p>\n","protected":false},"excerpt":{"rendered":"<p>Essaouira \u2013 Le public, parmi les Souiris et les visiteurs de la cit\u00e9 des Aliz\u00e9s, a eu droit, mardi soir, \u00e0 un cocktail musical de toute beaut\u00e9, sign\u00e9 \u2018\u00a0\u00bbOrkestra Popular 7 Luas\u00a0\u00bb et la jeune troupe \u00ab\u00a0Oussoul Gnaoua\u00a0\u00bb et ce, \u00e0 la cl\u00f4ture de la 27\u00e8 \u00e9dition du Festival \u00ab\u00a0Sete Sois, Sete Luas\u00a0\u00bb (Sept Soleils, [&hellip;]<\/p>\n","protected":false},"author":1788,"featured_media":0,"comment_status":"closed","ping_status":"closed","sticky":false,"template":"","format":"standard","meta":{"fifu_image_url":"","fifu_image_alt":"","footnotes":""},"categories":[54,76],"tags":[],"class_list":["post-45402","post","type-post","status-publish","format-standard","hentry","category-maroc","category-regions"],"_links":{"self":[{"href":"https:\/\/linitiative.ca\/International\/wp-json\/wp\/v2\/posts\/45402","targetHints":{"allow":["GET"]}}],"collection":[{"href":"https:\/\/linitiative.ca\/International\/wp-json\/wp\/v2\/posts"}],"about":[{"href":"https:\/\/linitiative.ca\/International\/wp-json\/wp\/v2\/types\/post"}],"author":[{"embeddable":true,"href":"https:\/\/linitiative.ca\/International\/wp-json\/wp\/v2\/users\/1788"}],"replies":[{"embeddable":true,"href":"https:\/\/linitiative.ca\/International\/wp-json\/wp\/v2\/comments?post=45402"}],"version-history":[{"count":0,"href":"https:\/\/linitiative.ca\/International\/wp-json\/wp\/v2\/posts\/45402\/revisions"}],"wp:attachment":[{"href":"https:\/\/linitiative.ca\/International\/wp-json\/wp\/v2\/media?parent=45402"}],"wp:term":[{"taxonomy":"category","embeddable":true,"href":"https:\/\/linitiative.ca\/International\/wp-json\/wp\/v2\/categories?post=45402"},{"taxonomy":"post_tag","embeddable":true,"href":"https:\/\/linitiative.ca\/International\/wp-json\/wp\/v2\/tags?post=45402"}],"curies":[{"name":"wp","href":"https:\/\/api.w.org\/{rel}","templated":true}]}}