{"id":45404,"date":"2019-07-09T14:24:54","date_gmt":"2019-07-09T18:24:54","guid":{"rendered":"https:\/\/linitiative.ca\/International\/tlemcen-enquete-sur-la-cession-dun-centre-commercial-au-profit-dun-promoteur\/"},"modified":"2019-07-09T14:24:54","modified_gmt":"2019-07-09T18:24:54","slug":"tlemcen-enquete-sur-la-cession-dun-centre-commercial-au-profit-dun-promoteur","status":"publish","type":"post","link":"https:\/\/linitiative.ca\/International\/tlemcen-enquete-sur-la-cession-dun-centre-commercial-au-profit-dun-promoteur\/","title":{"rendered":"Tlemcen: enqu\u00eate sur la cession d\u2019un centre commercial au profit d\u2019un promoteur"},"content":{"rendered":"<div>\n<div class=\"K2FeedImage\"><img decoding=\"async\" src=\"http:\/\/www.aps.dz\/media\/k2\/items\/cache\/de82827d3dc120ba70564e6ad7c5076a_S.jpg\" alt=\"Tlemcen: enqu\u00eate sur la cession d\u2019un centre commercial au profit d\u2019un promoteur\"><\/div>\n<div class=\"K2FeedIntroText\">\n<p><strong>TLEMCEN &#8211; Le parquet g\u00e9n\u00e9ral de Tlemcen a ouvert une enqu\u00eate sur la cession par la commune de Tlemcen d\u2019un centre commercial au profit d\u2019un promoteur, a-t-on appris mardi du procureur de la R\u00e9publique pr\u00e8s le tribunal de Tlemcen.<\/strong><\/p>\n<\/div>\n<div class=\"K2FeedFullText\">\n<p>Les services communaux de Tlemcen ont c\u00e9d\u00e9 gratuitement le centre commercial \u00ab\u00a0Souk El Fellah\u00a0\u00bb, sis \u00e0 hai \u00ab\u00a0Feddane Sebaa\u00a0\u00bb de Tlemcen, \u00e0 un promoteur qui l\u2019a converti en salle de sports, a-t-on indiqu\u00e9, signalant que lors de la d\u00e9lib\u00e9ration, il y a eu \u00ab\u00a0complicit\u00e9 et fausse d\u00e9claration de ce lieu pr\u00e9sent\u00e9 comme lot de terrain et non comme centre commercial\u00a0\u00bb.<\/p>\n<p>Ce centre commercial, qui s&rsquo;\u00e9tend sur une superficie de 1000 m\u00e8tres carr\u00e9s am\u00e9nag\u00e9e pour un co\u00fbt de 40 millions DA, renferme plusieurs locaux permettant de cr\u00e9er des opportunit\u00e9s d\u2019emploi et diversifier les activit\u00e9s commerciales dans ce quartier, a-t-on soulign\u00e9 de m\u00eame source.<\/p>\n<p>Le procureur de la R\u00e9publique pr\u00e8s le tribunal de Tlemcen a fait savoir que des biens du centre commercial dont des portes et fen\u00eatres \u00ab\u00a0ont \u00e9t\u00e9 soit d\u00e9mont\u00e9s ou ont disparu\u00a0\u00bb, ce qui repr\u00e9sente \u00ab\u00a0un sabotage de biens publics et dilapidation de deniers publics punis par la loi\u00a0\u00bb.<\/p>\n<\/div>\n<\/div>\n<p>Auteur:<br \/>\n<a href=\"http:\/\/www.aps.dz\/regions\/91679-ouverture-d-une-enquete-sur-la-cession-par-la-commune-de-tlemcen-d-un-centre-commercial-au-profit-d-un-promoteur\">Cliquez ici pour lire l&rsquo;article depuis sa source.<\/a><\/p>\n","protected":false},"excerpt":{"rendered":"<p>TLEMCEN &#8211; Le parquet g\u00e9n\u00e9ral de Tlemcen a ouvert une enqu\u00eate sur la cession par la commune de Tlemcen d\u2019un centre commercial au profit d\u2019un promoteur, a-t-on appris mardi du procureur de la R\u00e9publique pr\u00e8s le tribunal de Tlemcen. Les services communaux de Tlemcen ont c\u00e9d\u00e9 gratuitement le centre commercial \u00ab\u00a0Souk El Fellah\u00a0\u00bb, sis \u00e0 [&hellip;]<\/p>\n","protected":false},"author":1790,"featured_media":45405,"comment_status":"closed","ping_status":"closed","sticky":false,"template":"","format":"standard","meta":{"fifu_image_url":"","fifu_image_alt":"","footnotes":""},"categories":[53,76],"tags":[],"class_list":["post-45404","post","type-post","status-publish","format-standard","has-post-thumbnail","hentry","category-algerie","category-regions"],"_links":{"self":[{"href":"https:\/\/linitiative.ca\/International\/wp-json\/wp\/v2\/posts\/45404","targetHints":{"allow":["GET"]}}],"collection":[{"href":"https:\/\/linitiative.ca\/International\/wp-json\/wp\/v2\/posts"}],"about":[{"href":"https:\/\/linitiative.ca\/International\/wp-json\/wp\/v2\/types\/post"}],"author":[{"embeddable":true,"href":"https:\/\/linitiative.ca\/International\/wp-json\/wp\/v2\/users\/1790"}],"replies":[{"embeddable":true,"href":"https:\/\/linitiative.ca\/International\/wp-json\/wp\/v2\/comments?post=45404"}],"version-history":[{"count":0,"href":"https:\/\/linitiative.ca\/International\/wp-json\/wp\/v2\/posts\/45404\/revisions"}],"wp:featuredmedia":[{"embeddable":true,"href":"https:\/\/linitiative.ca\/International\/wp-json\/"}],"wp:attachment":[{"href":"https:\/\/linitiative.ca\/International\/wp-json\/wp\/v2\/media?parent=45404"}],"wp:term":[{"taxonomy":"category","embeddable":true,"href":"https:\/\/linitiative.ca\/International\/wp-json\/wp\/v2\/categories?post=45404"},{"taxonomy":"post_tag","embeddable":true,"href":"https:\/\/linitiative.ca\/International\/wp-json\/wp\/v2\/tags?post=45404"}],"curies":[{"name":"wp","href":"https:\/\/api.w.org\/{rel}","templated":true}]}}